{"id":29642,"date":"2022-07-21T11:37:08","date_gmt":"2022-07-21T16:37:08","guid":{"rendered":"https:\/\/encuentroinformativo.com.mx\/?p=29642"},"modified":"2022-07-21T11:37:12","modified_gmt":"2022-07-21T16:37:12","slug":"proximo-domingo-marcha-lgbtq-en-veracruz-puerto","status":"publish","type":"post","link":"https:\/\/encuentroinformativo.com.mx\/?p=29642","title":{"rendered":"Pr\u00f3ximo domingo, Marcha LGBTQ+ en Veracruz puerto"},"content":{"rendered":"\n<p><strong><strong>Alejandro \u00c1vila<\/strong><\/strong><\/p>\n\n\n\n<p>Veracruz, Ver.-El pr\u00f3ximo domingo 24 de julio se realizar\u00e1 en el bulevar &#8220;Manuel \u00c1vila Camacho&#8221; la marcha LGBTQ+, con el respaldo de los Ayuntamientos de Veracruz y Boca del R\u00edo, as\u00ed como empresarios de la iniciativa privada, inform\u00f3 Felipe de Santiago Mar\u00eda, presidente de la Asociaci\u00f3n Civil \u201cVivir con Valor y Esperanza\u201d.<\/p>\n\n\n\n<p>El comit\u00e9 organizador se\u00f1al\u00f3 que, este evento iniciar\u00e1 a las 17 horas, saliendo del hotel Lois en Boca del R\u00edo, con rumbo hacia la Plaza del Magisterio en el municipio de Veracruz.<\/p>\n\n\n\n<p>De la misma manera, se dijo que, un d\u00eda antes, es decir, el s\u00e1bado 23 de julio, se realizar\u00e1 la coronaci\u00f3n de los Reyes de la XI Marcha LGBTQ+ 2022, los cuales ser\u00e1n Perla Grinelli \u201cLady Audios\u201d, y el propio Felipe Santiago Mar\u00eda.&nbsp;<\/p>\n\n\n\n<p>Este evento se llevar\u00e1 a cabo en el Museo de la Ciudad de Veracruz a partir de las 20:00 horas, y ser\u00e1 totalmente gratuito.<\/p>\n\n\n\n<p>Se suman a esta marcha oficial LGBTQ+ agrupaciones y asociaciones civiles como \u201cPor un Veracruz sin Discriminaci\u00f3n\u201d, presidida por Flyppy Morales; \u201cJarochos\u201d, bajo la direcci\u00f3n de Guillermo Izacur; Colectivo Soy Humano, que preside Edgardo Armando G\u00f3mez D\u00edaz; as\u00ed como empresarios, organizaciones civiles y colectivos LGBT de Xalapa, Tierra Blanca, Alvarado, Tlacotalpan, Minatitl\u00e1n, Cosamaloapan, Ciudad Lerdo, entre otros.<\/p>\n\n\n\n<p>Para finalizar, el Comit\u00e9 Organizador adelant\u00f3 que al concluir la Marcha LGBTQ+ comenzar\u00e1n a trabajar en la &#8220;Semana Cultural de la Lucha contra el VIH&#8221;, programada del 30 de noviembre al 3 de diciembre, y que incluye talleres de salud, conversatorios, exposici\u00f3n de artes pl\u00e1sticas, ciclo de cine y una magna pasarela.<\/p>\n","protected":false},"excerpt":{"rendered":"<p>Alejandro \u00c1vila Veracruz, Ver.-El pr\u00f3ximo domingo 24 de julio se realizar\u00e1 en el bulevar &#8220;Manuel \u00c1vila Camacho&#8221; la marcha LGBTQ+, con el respaldo de los Ayuntamientos de Veracruz y Boca del R\u00edo, as\u00ed como empresarios de la iniciativa privada, inform\u00f3 Felipe de Santiago Mar\u00eda, presidente de la Asociaci\u00f3n Civil \u201cVivir con Valor y Esperanza\u201d. El [&hellip;]<\/p>\n","protected":false},"author":1,"featured_media":29643,"comment_status":"open","ping_status":"open","sticky":false,"template":"","format":"standard","meta":{"_jetpack_memberships_contains_paid_content":false,"footnotes":""},"categories":[2],"tags":[],"class_list":["post-29642","post","type-post","status-publish","format-standard","has-post-thumbnail","hentry","category-estado"],"jetpack_featured_media_url":"https:\/\/encuentroinformativo.com.mx\/wp-content\/uploads\/2022\/07\/77373E2B-0BF4-4A1C-9301-49BB3089CD7B.jpeg","jetpack_sharing_enabled":true,"jetpack_likes_enabled":true,"amp_enabled":true,"_links":{"self":[{"href":"https:\/\/encuentroinformativo.com.mx\/index.php?rest_route=\/wp\/v2\/posts\/29642","targetHints":{"allow":["GET"]}}],"collection":[{"href":"https:\/\/encuentroinformativo.com.mx\/index.php?rest_route=\/wp\/v2\/posts"}],"about":[{"href":"https:\/\/encuentroinformativo.com.mx\/index.php?rest_route=\/wp\/v2\/types\/post"}],"author":[{"embeddable":true,"href":"https:\/\/encuentroinformativo.com.mx\/index.php?rest_route=\/wp\/v2\/users\/1"}],"replies":[{"embeddable":true,"href":"https:\/\/encuentroinformativo.com.mx\/index.php?rest_route=%2Fwp%2Fv2%2Fcomments&post=29642"}],"version-history":[{"count":1,"href":"https:\/\/encuentroinformativo.com.mx\/index.php?rest_route=\/wp\/v2\/posts\/29642\/revisions"}],"predecessor-version":[{"id":29644,"href":"https:\/\/encuentroinformativo.com.mx\/index.php?rest_route=\/wp\/v2\/posts\/29642\/revisions\/29644"}],"wp:featuredmedia":[{"embeddable":true,"href":"https:\/\/encuentroinformativo.com.mx\/index.php?rest_route=\/wp\/v2\/media\/29643"}],"wp:attachment":[{"href":"https:\/\/encuentroinformativo.com.mx\/index.php?rest_route=%2Fwp%2Fv2%2Fmedia&parent=29642"}],"wp:term":[{"taxonomy":"category","embeddable":true,"href":"https:\/\/encuentroinformativo.com.mx\/index.php?rest_route=%2Fwp%2Fv2%2Fcategories&post=29642"},{"taxonomy":"post_tag","embeddable":true,"href":"https:\/\/encuentroinformativo.com.mx\/index.php?rest_route=%2Fwp%2Fv2%2Ftags&post=29642"}],"curies":[{"name":"wp","href":"https:\/\/api.w.org\/{rel}","templated":true}]}}