{"id":29653,"date":"2022-07-21T13:11:16","date_gmt":"2022-07-21T18:11:16","guid":{"rendered":"https:\/\/encuentroinformativo.com.mx\/?p=29653"},"modified":"2022-07-21T13:11:20","modified_gmt":"2022-07-21T18:11:20","slug":"mas-de-1-5-millones-de-veracruzanos-tienen-alguna-discapacidad","status":"publish","type":"post","link":"https:\/\/encuentroinformativo.com.mx\/?p=29653","title":{"rendered":"M\u00e1s de 1.5 millones de veracruzanos tienen alguna discapacidad"},"content":{"rendered":"\n<p><strong>Alejandro \u00c1vila<\/strong><\/p>\n\n\n\n<p>Veracruz, Ver.- Al corte del 2020, el Censo de Poblaci\u00f3n y Vivienda realizado por el INEGI detall\u00f3 que, en Veracruz, un mill\u00f3n 542 mil 272 ciudadanos tienen discapacidad, limitaci\u00f3n en su actividad cotidiana o bien un problema o condici\u00f3n mental.<\/p>\n\n\n\n<p>Esto, dijo la diputada local, Anil\u00fa Ingram Vallines, representa 19.1 por ciento del total de la poblaci\u00f3n.&nbsp;<\/p>\n\n\n\n<p>\u201cEs fundamental que se garanticen los derechos de las personas con discapacidad para que podamos incidir en las pol\u00edticas p\u00fablicas a favor de ellos, y as\u00ed integrar este Consejo donde participan tambi\u00e9n autoridades y es encabezado por el Ejecutivo\u201d, mencion\u00f3.<\/p>\n\n\n\n<p>Cabe recordar que, apenas este mi\u00e9rcoles, la Legisladora priista encabez\u00f3, como presidenta de la comisi\u00f3n de Derechos Humanos del Congreso Local, las entrevistas p\u00fablicas para conformar el Consejo Estatal para las Personas con Discapacidad.<\/p>\n\n\n\n<p>Durante la jornada se realizaron 28 entrevistas p\u00fablicas, donde estuvo acompa\u00f1ada de los diputados integrantes de la comisi\u00f3n, Ana Miriam Ferr\u00e1ez Centeno y Gonzalo Dur\u00e1n Chincoya.<\/p>\n\n\n\n<p>\u201cLo que buscamos todas y todos es que este Consejo Estatal para las Personas con Discapacidad act\u00fae como un \u00f3rgano de consulta, asesor\u00eda, planeaci\u00f3n, fomento y supervisi\u00f3n de las acciones, estrategias y programas que permitan garantizar a las personas con discapacidad el desarrollo y pleno ejercicio de los derechos\u201d, explic\u00f3 la diputada.<\/p>\n","protected":false},"excerpt":{"rendered":"<p>Alejandro \u00c1vila Veracruz, Ver.- Al corte del 2020, el Censo de Poblaci\u00f3n y Vivienda realizado por el INEGI detall\u00f3 que, en Veracruz, un mill\u00f3n 542 mil 272 ciudadanos tienen discapacidad, limitaci\u00f3n en su actividad cotidiana o bien un problema o condici\u00f3n mental. Esto, dijo la diputada local, Anil\u00fa Ingram Vallines, representa 19.1 por ciento del [&hellip;]<\/p>\n","protected":false},"author":1,"featured_media":29654,"comment_status":"open","ping_status":"open","sticky":false,"template":"","format":"standard","meta":{"_jetpack_memberships_contains_paid_content":false,"footnotes":""},"categories":[2],"tags":[],"class_list":["post-29653","post","type-post","status-publish","format-standard","has-post-thumbnail","hentry","category-estado"],"jetpack_featured_media_url":"https:\/\/encuentroinformativo.com.mx\/wp-content\/uploads\/2022\/07\/5084EA57-D3B9-40EF-8169-D958DC0E125A.jpeg","jetpack_sharing_enabled":true,"jetpack_likes_enabled":true,"amp_enabled":true,"_links":{"self":[{"href":"https:\/\/encuentroinformativo.com.mx\/index.php?rest_route=\/wp\/v2\/posts\/29653","targetHints":{"allow":["GET"]}}],"collection":[{"href":"https:\/\/encuentroinformativo.com.mx\/index.php?rest_route=\/wp\/v2\/posts"}],"about":[{"href":"https:\/\/encuentroinformativo.com.mx\/index.php?rest_route=\/wp\/v2\/types\/post"}],"author":[{"embeddable":true,"href":"https:\/\/encuentroinformativo.com.mx\/index.php?rest_route=\/wp\/v2\/users\/1"}],"replies":[{"embeddable":true,"href":"https:\/\/encuentroinformativo.com.mx\/index.php?rest_route=%2Fwp%2Fv2%2Fcomments&post=29653"}],"version-history":[{"count":1,"href":"https:\/\/encuentroinformativo.com.mx\/index.php?rest_route=\/wp\/v2\/posts\/29653\/revisions"}],"predecessor-version":[{"id":29655,"href":"https:\/\/encuentroinformativo.com.mx\/index.php?rest_route=\/wp\/v2\/posts\/29653\/revisions\/29655"}],"wp:featuredmedia":[{"embeddable":true,"href":"https:\/\/encuentroinformativo.com.mx\/index.php?rest_route=\/wp\/v2\/media\/29654"}],"wp:attachment":[{"href":"https:\/\/encuentroinformativo.com.mx\/index.php?rest_route=%2Fwp%2Fv2%2Fmedia&parent=29653"}],"wp:term":[{"taxonomy":"category","embeddable":true,"href":"https:\/\/encuentroinformativo.com.mx\/index.php?rest_route=%2Fwp%2Fv2%2Fcategories&post=29653"},{"taxonomy":"post_tag","embeddable":true,"href":"https:\/\/encuentroinformativo.com.mx\/index.php?rest_route=%2Fwp%2Fv2%2Ftags&post=29653"}],"curies":[{"name":"wp","href":"https:\/\/api.w.org\/{rel}","templated":true}]}}