{"id":29666,"date":"2022-07-21T20:45:15","date_gmt":"2022-07-22T01:45:15","guid":{"rendered":"https:\/\/encuentroinformativo.com.mx\/?p=29666"},"modified":"2022-07-21T20:45:20","modified_gmt":"2022-07-22T01:45:20","slug":"casa-mam-atiende-a-pequena-de-12-anos-con-cancer-de-mama","status":"publish","type":"post","link":"https:\/\/encuentroinformativo.com.mx\/?p=29666","title":{"rendered":"Casa MAM atiende a peque\u00f1a de 12 a\u00f1os con c\u00e1ncer de mama"},"content":{"rendered":"\n<p><strong>Alejandro \u00c1vila<\/strong><\/p>\n\n\n\n<p>Boca del R\u00edo, Ver.- La Asociaci\u00f3n &#8220;Casa MAM&#8221; brind\u00f3 el apoyo a una peque\u00f1a de 12 a\u00f1os con c\u00e1ncer de mama; debido a la r\u00e1pida atenci\u00f3n la menor ha tenido avances en su proceso de rehabilitaci\u00f3n.<\/p>\n\n\n\n<p>Roxana Guizar Rodr\u00edguez, presidenta de Casa MAM mencion\u00f3 que, al menos en los registros de su Asociaci\u00f3n, el 70 por ciento de sus atenciones, son a mujeres j\u00f3venes.<\/p>\n\n\n\n<p>&#8220;Eso es preocupante, porque muchas veces pensamos que porque son j\u00f3venes no les va a dar c\u00e1ncer, y que el c\u00e1ncer es para personas mayores de 40 a\u00f1os y no es as\u00ed, el c\u00e1ncer de verdad, y ustedes lo saben, tuvimos el caso de una ni\u00f1a de 12 a\u00f1os que nos mand\u00f3 AMANC de Coatzacoalcos, qu\u00e9 es la m\u00e1s chiquita que hemos tenido, y el c\u00e1ncer est\u00e1 de moda, sigue siendo el primer lugar en el estado de Veracruz. As\u00ed que, hay que checarse, hay que cuidarse, y que el c\u00e1ncer no solamente es de mujeres, tambi\u00e9n ese hombre&#8221;, asest\u00f3.<\/p>\n\n\n\n<p>Sobre la peque\u00f1a de 12 a\u00f1os detectada con c\u00e1ncer dijo que, se encuentra muy bien de salud, gracias a la oportuna atenci\u00f3n de Susana Lara de AMANC, y los onc\u00f3logos que trabajaron en su tratamiento inmediato.<\/p>\n\n\n\n<p>&#8220;Trabajaron r\u00e1pido, porque esto es de velocidad, esto es de ya. Bendito Dios estaba encapsulado en primera etapa, y est\u00e1 bien la ni\u00f1a (\u2026) de mam\u00e1, en el seno, es un c\u00e1ncer de mama, 12 a\u00f1os. El c\u00e1ncer puede ser hereditario, tenemos compa\u00f1eras, c\u00f3mo el caso de -familia- Medina, qu\u00e9 son 5 mujeres, todas con c\u00e1ncer de mama, una ya muri\u00f3, y su \u00fanico hermano, ahorita con c\u00e1ncer de pr\u00f3stata&#8221;, coment\u00f3.<\/p>\n","protected":false},"excerpt":{"rendered":"<p>Alejandro \u00c1vila Boca del R\u00edo, Ver.- La Asociaci\u00f3n &#8220;Casa MAM&#8221; brind\u00f3 el apoyo a una peque\u00f1a de 12 a\u00f1os con c\u00e1ncer de mama; debido a la r\u00e1pida atenci\u00f3n la menor ha tenido avances en su proceso de rehabilitaci\u00f3n. Roxana Guizar Rodr\u00edguez, presidenta de Casa MAM mencion\u00f3 que, al menos en los registros de su Asociaci\u00f3n, [&hellip;]<\/p>\n","protected":false},"author":1,"featured_media":29667,"comment_status":"open","ping_status":"open","sticky":false,"template":"","format":"standard","meta":{"_jetpack_memberships_contains_paid_content":false,"footnotes":""},"categories":[9],"tags":[],"class_list":["post-29666","post","type-post","status-publish","format-standard","has-post-thumbnail","hentry","category-salud"],"jetpack_featured_media_url":"https:\/\/encuentroinformativo.com.mx\/wp-content\/uploads\/2022\/07\/11C9C877-335A-4682-A952-40DEFDA59A38.jpeg","jetpack_sharing_enabled":true,"jetpack_likes_enabled":true,"amp_enabled":true,"_links":{"self":[{"href":"https:\/\/encuentroinformativo.com.mx\/index.php?rest_route=\/wp\/v2\/posts\/29666","targetHints":{"allow":["GET"]}}],"collection":[{"href":"https:\/\/encuentroinformativo.com.mx\/index.php?rest_route=\/wp\/v2\/posts"}],"about":[{"href":"https:\/\/encuentroinformativo.com.mx\/index.php?rest_route=\/wp\/v2\/types\/post"}],"author":[{"embeddable":true,"href":"https:\/\/encuentroinformativo.com.mx\/index.php?rest_route=\/wp\/v2\/users\/1"}],"replies":[{"embeddable":true,"href":"https:\/\/encuentroinformativo.com.mx\/index.php?rest_route=%2Fwp%2Fv2%2Fcomments&post=29666"}],"version-history":[{"count":1,"href":"https:\/\/encuentroinformativo.com.mx\/index.php?rest_route=\/wp\/v2\/posts\/29666\/revisions"}],"predecessor-version":[{"id":29668,"href":"https:\/\/encuentroinformativo.com.mx\/index.php?rest_route=\/wp\/v2\/posts\/29666\/revisions\/29668"}],"wp:featuredmedia":[{"embeddable":true,"href":"https:\/\/encuentroinformativo.com.mx\/index.php?rest_route=\/wp\/v2\/media\/29667"}],"wp:attachment":[{"href":"https:\/\/encuentroinformativo.com.mx\/index.php?rest_route=%2Fwp%2Fv2%2Fmedia&parent=29666"}],"wp:term":[{"taxonomy":"category","embeddable":true,"href":"https:\/\/encuentroinformativo.com.mx\/index.php?rest_route=%2Fwp%2Fv2%2Fcategories&post=29666"},{"taxonomy":"post_tag","embeddable":true,"href":"https:\/\/encuentroinformativo.com.mx\/index.php?rest_route=%2Fwp%2Fv2%2Ftags&post=29666"}],"curies":[{"name":"wp","href":"https:\/\/api.w.org\/{rel}","templated":true}]}}