{"id":29675,"date":"2022-07-21T21:11:31","date_gmt":"2022-07-22T02:11:31","guid":{"rendered":"https:\/\/encuentroinformativo.com.mx\/?p=29675"},"modified":"2022-07-21T21:11:35","modified_gmt":"2022-07-22T02:11:35","slug":"atiende-dif-boca-del-rio-reporte-de-cuatro-menores-encadenados-obtienen-custodia-de-dos","status":"publish","type":"post","link":"https:\/\/encuentroinformativo.com.mx\/?p=29675","title":{"rendered":"Atiende DIF Boca del R\u00edo reporte de cuatro menores encadenados, obtienen custodia de dos"},"content":{"rendered":"\n<p><strong>Alejandro \u00c1vila<\/strong><\/p>\n\n\n\n<p>Boca del R\u00edo, Ver.- El DIF Municipal de Boca del R\u00edo, consigui\u00f3 el resguardo de dos de los cuatro ni\u00f1os que se encontraban presuntamente encadenados en la colonia C\u00e1ndido Aguilar.<\/p>\n\n\n\n<p>La directora del DIF de Boca del R\u00edo, Yamileth Herrera D\u00edaz coment\u00f3 que recibieron el reporte de cuatro menores, sin embargo, en el domicilio solo encontraron a dos.<\/p>\n\n\n\n<p>En compa\u00f1\u00eda de la Procuradur\u00eda de la Protecci\u00f3n de Ni\u00f1as, Ni\u00f1os y Adolescentes de Boca del R\u00edo, y con el apoyo de la Fiscal\u00eda como de la Polic\u00eda Municipal, ingresaron a la vivienda para sacar a los peque\u00f1os.<\/p>\n\n\n\n<p>Yamileth Herrera expuso que, las condiciones en las que se encontraban los peque\u00f1os eran de extrema pobreza e insalubridad.<\/p>\n\n\n\n<p>&#8220;Los dos peque\u00f1os se ve\u00edan con mucho tiempo de haber estado amarrados, y obviamente parec\u00eda que no hab\u00edan ingerido alimentos, tampoco bebidas, e inmediatamente se procedi\u00f3 a llevarlos a la Fiscal\u00eda para poder presentar la denuncia correspondiente para la integraci\u00f3n de la carpeta de investigaci\u00f3n&#8221;, apunt\u00f3.<\/p>\n\n\n\n<p>Sobre los otros dos menores que fueron reportados, dijo que tuvieron referencia de que el peque\u00f1o de 8 a\u00f1os se encontraba en la calle, probablemente pidiendo dinero o realizando alguna actividad para poder llevar algo de sustento a su hogar; mientras que del cuarto menor de edad, tuvieron conocimiento de que se encontraba en casa de unos familiares, y se proceder\u00e1 a ver en qu\u00e9 condiciones se encuentra.<\/p>\n\n\n\n<p>&#8220;Inmediatamente que encontramos a los menores los presentamos a Fiscal\u00eda, y obtuvimos el resguardo temporal, por el momento, al tercer menor empezamos con la b\u00fasqueda con la Polic\u00eda Municipal, ya apareci\u00f3 el tercero de 8 a\u00f1os, hasta el momento est\u00e1 integrando todas las medidas correspondientes para poder obtener el tercer resguardo judicial, y hasta el momento es todo lo que tenemos avanzada&#8221;, puntualiz\u00f3.<\/p>\n\n\n\n<p>La directora del DIF Municipal de Boca del R\u00edo dijo qu\u00e9, al m\u00e1s peque\u00f1o se la encontr\u00f3 omisi\u00f3n de cuidado, mientras que el segundo en edad, s\u00ed presentaba huellas de violencia.<\/p>\n\n\n\n<p>&#8220;Ahorita se encuentran en una revisi\u00f3n m\u00e9dica, al parecer s\u00ed hay una discapacidad, ambos no escuchan, no hablan, probablemente sea sordomudos, la mam\u00e1 es sordomuda, el pap\u00e1 tiene una discapacidad auditiva, alcanza a escuchar muy poco y tambi\u00e9n se comunica pero es que el \u00fanico que ha alcanzado a comunicarse&#8221;, subray\u00f3<\/p>\n\n\n\n<p>Detall\u00f3 que este viernes se les har\u00e1n pruebas psicol\u00f3gicas, as\u00ed como un estudio de trabajo social, para tener todo lo concerniente a las acciones legales que vaya a necesitar la Fiscal\u00eda para poder emitir una medida.<\/p>\n","protected":false},"excerpt":{"rendered":"<p>Alejandro \u00c1vila Boca del R\u00edo, Ver.- El DIF Municipal de Boca del R\u00edo, consigui\u00f3 el resguardo de dos de los cuatro ni\u00f1os que se encontraban presuntamente encadenados en la colonia C\u00e1ndido Aguilar. La directora del DIF de Boca del R\u00edo, Yamileth Herrera D\u00edaz coment\u00f3 que recibieron el reporte de cuatro menores, sin embargo, en el [&hellip;]<\/p>\n","protected":false},"author":1,"featured_media":29676,"comment_status":"open","ping_status":"open","sticky":false,"template":"","format":"standard","meta":{"_jetpack_memberships_contains_paid_content":false,"footnotes":""},"categories":[2],"tags":[],"class_list":["post-29675","post","type-post","status-publish","format-standard","has-post-thumbnail","hentry","category-estado"],"jetpack_featured_media_url":"https:\/\/encuentroinformativo.com.mx\/wp-content\/uploads\/2022\/07\/E3D21BC7-71D7-44D4-BE32-B6C523B3C482.jpeg","jetpack_sharing_enabled":true,"jetpack_likes_enabled":true,"amp_enabled":true,"_links":{"self":[{"href":"https:\/\/encuentroinformativo.com.mx\/index.php?rest_route=\/wp\/v2\/posts\/29675","targetHints":{"allow":["GET"]}}],"collection":[{"href":"https:\/\/encuentroinformativo.com.mx\/index.php?rest_route=\/wp\/v2\/posts"}],"about":[{"href":"https:\/\/encuentroinformativo.com.mx\/index.php?rest_route=\/wp\/v2\/types\/post"}],"author":[{"embeddable":true,"href":"https:\/\/encuentroinformativo.com.mx\/index.php?rest_route=\/wp\/v2\/users\/1"}],"replies":[{"embeddable":true,"href":"https:\/\/encuentroinformativo.com.mx\/index.php?rest_route=%2Fwp%2Fv2%2Fcomments&post=29675"}],"version-history":[{"count":1,"href":"https:\/\/encuentroinformativo.com.mx\/index.php?rest_route=\/wp\/v2\/posts\/29675\/revisions"}],"predecessor-version":[{"id":29677,"href":"https:\/\/encuentroinformativo.com.mx\/index.php?rest_route=\/wp\/v2\/posts\/29675\/revisions\/29677"}],"wp:featuredmedia":[{"embeddable":true,"href":"https:\/\/encuentroinformativo.com.mx\/index.php?rest_route=\/wp\/v2\/media\/29676"}],"wp:attachment":[{"href":"https:\/\/encuentroinformativo.com.mx\/index.php?rest_route=%2Fwp%2Fv2%2Fmedia&parent=29675"}],"wp:term":[{"taxonomy":"category","embeddable":true,"href":"https:\/\/encuentroinformativo.com.mx\/index.php?rest_route=%2Fwp%2Fv2%2Fcategories&post=29675"},{"taxonomy":"post_tag","embeddable":true,"href":"https:\/\/encuentroinformativo.com.mx\/index.php?rest_route=%2Fwp%2Fv2%2Ftags&post=29675"}],"curies":[{"name":"wp","href":"https:\/\/api.w.org\/{rel}","templated":true}]}}