{"id":29678,"date":"2022-07-22T09:58:32","date_gmt":"2022-07-22T14:58:32","guid":{"rendered":"https:\/\/encuentroinformativo.com.mx\/?p=29678"},"modified":"2022-07-22T09:58:36","modified_gmt":"2022-07-22T14:58:36","slug":"por-que-nahle","status":"publish","type":"post","link":"https:\/\/encuentroinformativo.com.mx\/?p=29678","title":{"rendered":"Por qu\u00e9 Nahle"},"content":{"rendered":"\n<p><strong>Los Pol\u00edticos\u00a0<\/strong><\/p>\n\n\n\n<p><strong>Salvador Mu\u00f1oz<\/strong><\/p>\n\n\n\n<p>\u00bfQui\u00e9n cree usted que sea, aparte del Gobernador Cuic, el moreno o morena que m\u00e1s se mueve por todo el estado? Por supuesto, esta pregunta se basa antes de que le soltaran las riendas a las \u201ccorcholatas\u201d&#8230;<\/p>\n\n\n\n<p>Yo tengo tres y d\u00edgame si me equivoco: Manuel Huerta Ladr\u00f3n de Guevara; Eric Bola 8 Cisneros, y Juan Javier G\u00f3mez Cazar\u00edn.<\/p>\n\n\n\n<p>Cada uno de ellos se mueve en funci\u00f3n de su trabajo, de sus intereses y de sus convicciones.<\/p>\n\n\n\n<p>Manuel Huerta anda de arriba para abajo desempe\u00f1ando su funci\u00f3n como Superdelegado y hasta se echa sus capsulitas de historia con respecto al municipio que llega\u2026 b\u00fasquenlo en Tik Tok.<\/p>\n\n\n\n<p>Bola 8 anda como promotor tur\u00edstico del Estado y muy lejos de parecer secretario de Gobierno. Eso s\u00ed, cuando tiene oportunidad, le encanta presumir su negritud, su color, sus ra\u00edces africanas\u2026 dicen sus malquerientes que es plan con ma\u00f1a porque es seguro que en una de \u00e9sas, demande una posici\u00f3n en el Congreso local o federal, blandiendo su color que dicho sea de paso, lo enmarca con \u201cOrgullo Veracruzano\u201d.<\/p>\n\n\n\n<p>Juan Javier G\u00f3mez Cazar\u00edn desde la pasada Legislatura dio muestras de que no ser\u00eda el cl\u00e1sico titular de la Junta de Coordinaci\u00f3n Pol\u00edtica metido en el Palacio de Encanto\u2026 empez\u00f3 a recorrer los diversos distritos con sus compa\u00f1eros legisladores. Luego, en las pasadas elecciones, hizo lo mismo: recorri\u00f3 con los candidatos a diputados de su partido, la mayor\u00eda de los distritos en disputa. Bueno, \u00a1no hasta lo mandaron a Tamaulipas a apoyar al candidato a la Gubernatura, Am\u00e9rico Villarreal! y luego de all\u00ed, anduvo en la tierra del Peje, de Ad\u00e1n Augusto y de do\u00f1a Rosalinda\u2026 un moreno todo-terreno\u2026<\/p>\n\n\n\n<p>Despu\u00e9s de \u00e9stos que llevan m\u00e1s de tres a\u00f1os de la Ceca a la Meca, aparece Sergio Guti\u00e9rrez Luna; y luego de que soltaran a las \u201ccorcholatas\u201d, Zenyazen Escobar no ha parado de ir de un lado a otro, as\u00ed como Jos\u00e9 Luis Lima Franco, aunque con menos luces el de Sefiplan\u2026<\/p>\n\n\n\n<p>Todo esto que inicia con la pregunta de cu\u00e1l moreno o morena es la que m\u00e1s se mueve por Veracruz, es por una encuesta, la de Massive Caller, porque los resultados me dejan algo sorprendido.<\/p>\n\n\n\n<p>Lo que no me sorprende es que, de acuerdo a Massive Caller, un 50.8% de los encuestados asegura que \u201csi hoy fueran las elecciones\u201d, votar\u00eda por Morena\u2026 un 21.6, por el PAN\u2026 un 6.4, por el PRI, mientras que por Movimiento Ciudadano, un 4.2\u2026 de verdad, no me sorprende porque guste o no, Morena (o el Presidente AMLO) vive en estos momentos su mejor etapa en cuestiones electorales al gobernar en 22 estados y amenaza este 2023 llevarse Coahuila y Estado de M\u00e9xico\u2026&nbsp;<\/p>\n\n\n\n<p>La marca Morena y su patrocinador (AMLO) est\u00e1n en una circunstancia sumamente rentable muy al contrario de sus antagonistas\u2026<\/p>\n\n\n\n<p>Lo que s\u00ed me saca de onda es que, entre los morenos, teniendo mejor aprobaci\u00f3n Ricardo Ahued (de acuerdo a Massive Caller); teniendo m\u00e1s recorrido por Veracruz un Manuel Huerta, Bola 8, el Car\u00f3n, Zenyazen, \u00a1vamos! Hasta Sergio Guti\u00e9rrez Luna, los encuestados \u201chayan o\u00eddo hablar\u201d m\u00e1s de Nahle que de cualquiera de los antes citados\u2026 a\u00fan&nbsp; m\u00e1s: \u00a1los encuestados prefieren a la secretaria de Energ\u00eda como candidata a Gobernadora por encima de los antes citados, incluyendo a Ricardo Ahued, que no ha recorrido la entidad desde que fue candidato a Senador\u2026<\/p>\n\n\n\n<p>\u00bfC\u00f3mo se pudiera explicar ese detallito? La \u00fanica forma que encuentro, es muy simple: AMLO aplic\u00f3 la de Jos\u00e9 Alfredo Jim\u00e9nez\u2026 \u201cy mi palabra es la Ley\u201d. Es decir, todo inicia cuando el mismo Presidente L\u00f3pez Obrador le da la categor\u00eda de \u201ccorcholata\u201d a Roc\u00edo Nahle y desde all\u00ed, se gesta todo\u2026<\/p>\n\n\n\n<p>No importa si Nahle viene o no a Veracruz; si no hace reuniones con la prensa, con los empresarios, con los morenos; si no hace giras por Veracruz; si no recoge las inquietudes de los veracruzanos; etc\u00e9tera\u2026 creo que a todos los morenos les queda claro que la voz de L\u00f3pez Obrador, la del Presidente, es una Orden, es una Ley, es un Hecho, desde que le dijo \u201cCorcholata\u201d a Nahle\u2026 y al parecer, no hay vuelta de hoja\u2026 \u00a1hasta que diga lo contrario!<\/p>\n\n\n\n<p><a href=\"mailto:smcainito@gmail.com\" target=\"_blank\" rel=\"noreferrer noopener\">smcainito@gmail.com<\/a><\/p>\n","protected":false},"excerpt":{"rendered":"<p>Los Pol\u00edticos\u00a0 Salvador Mu\u00f1oz \u00bfQui\u00e9n cree usted que sea, aparte del Gobernador Cuic, el moreno o morena que m\u00e1s se mueve por todo el estado? Por supuesto, esta pregunta se basa antes de que le soltaran las riendas a las \u201ccorcholatas\u201d&#8230; Yo tengo tres y d\u00edgame si me equivoco: Manuel Huerta Ladr\u00f3n de Guevara; Eric [&hellip;]<\/p>\n","protected":false},"author":1,"featured_media":387,"comment_status":"open","ping_status":"open","sticky":false,"template":"","format":"standard","meta":{"_jetpack_memberships_contains_paid_content":false,"footnotes":""},"categories":[11],"tags":[],"class_list":["post-29678","post","type-post","status-publish","format-standard","has-post-thumbnail","hentry","category-opinion"],"jetpack_featured_media_url":"https:\/\/encuentroinformativo.com.mx\/wp-content\/uploads\/2020\/03\/7CF8A22B-2764-47BE-8F7F-38FE9E5D6A2F.jpeg","jetpack_sharing_enabled":true,"jetpack_likes_enabled":true,"amp_enabled":true,"_links":{"self":[{"href":"https:\/\/encuentroinformativo.com.mx\/index.php?rest_route=\/wp\/v2\/posts\/29678","targetHints":{"allow":["GET"]}}],"collection":[{"href":"https:\/\/encuentroinformativo.com.mx\/index.php?rest_route=\/wp\/v2\/posts"}],"about":[{"href":"https:\/\/encuentroinformativo.com.mx\/index.php?rest_route=\/wp\/v2\/types\/post"}],"author":[{"embeddable":true,"href":"https:\/\/encuentroinformativo.com.mx\/index.php?rest_route=\/wp\/v2\/users\/1"}],"replies":[{"embeddable":true,"href":"https:\/\/encuentroinformativo.com.mx\/index.php?rest_route=%2Fwp%2Fv2%2Fcomments&post=29678"}],"version-history":[{"count":1,"href":"https:\/\/encuentroinformativo.com.mx\/index.php?rest_route=\/wp\/v2\/posts\/29678\/revisions"}],"predecessor-version":[{"id":29679,"href":"https:\/\/encuentroinformativo.com.mx\/index.php?rest_route=\/wp\/v2\/posts\/29678\/revisions\/29679"}],"wp:featuredmedia":[{"embeddable":true,"href":"https:\/\/encuentroinformativo.com.mx\/index.php?rest_route=\/wp\/v2\/media\/387"}],"wp:attachment":[{"href":"https:\/\/encuentroinformativo.com.mx\/index.php?rest_route=%2Fwp%2Fv2%2Fmedia&parent=29678"}],"wp:term":[{"taxonomy":"category","embeddable":true,"href":"https:\/\/encuentroinformativo.com.mx\/index.php?rest_route=%2Fwp%2Fv2%2Fcategories&post=29678"},{"taxonomy":"post_tag","embeddable":true,"href":"https:\/\/encuentroinformativo.com.mx\/index.php?rest_route=%2Fwp%2Fv2%2Ftags&post=29678"}],"curies":[{"name":"wp","href":"https:\/\/api.w.org\/{rel}","templated":true}]}}