{"id":29680,"date":"2022-07-22T10:05:06","date_gmt":"2022-07-22T15:05:06","guid":{"rendered":"https:\/\/encuentroinformativo.com.mx\/?p=29680"},"modified":"2022-07-22T10:05:08","modified_gmt":"2022-07-22T15:05:08","slug":"queman-a-ex-alcalde-en-feria-del-mango-de-medellin-de-bravo","status":"publish","type":"post","link":"https:\/\/encuentroinformativo.com.mx\/?p=29680","title":{"rendered":"Queman a ex alcalde en Feria del Mango de Medell\u00edn de Bravo"},"content":{"rendered":"\n<p><strong>Alejandro \u00c1vila<\/strong><\/p>\n\n\n\n<p>Medell\u00edn de Bravo, Ver.- La noche de este jueves se realiz\u00f3 la tradicional Quema del Mal Humor, para dar inicio a las festividades de la Feria del Mango 2022, donde la figura a la que se le prendi\u00f3 fuego, fue la del ex alcalde panista, Hip\u00f3lito Deschamps Espino Barros<\/p>\n\n\n\n<p>Es de mencionar que, la festividad se volvi\u00f3 a realizar tras dos a\u00f1os de suspensi\u00f3n por pandemia, por lo que la concurrencia fue alta y adem\u00e1s, la algarab\u00eda se desat\u00f3 tras prenderle fuego a la pi\u00f1ata del ex alcalde.<\/p>\n\n\n\n<p>Polo Deschamps, recordemos, cuenta ya con una denunciado en la Fiscal\u00eda General del Estado por peculado, abuso de autoridad e incumplimiento de un deber legal, tras su paso por la alcald\u00eda de Medell\u00edn, de cuyas arcas habr\u00eda saqueado 100 millones de pesos.<\/p>\n\n\n\n<p>La explanada del Palacio Municipal fue el escenario en donde miles de ciudadanos abuchearon a todo pulm\u00f3n cuando se percataron que el monigote descubierto era la figura del ex alcalde medellinense.<\/p>\n\n\n\n<p>La encargada de encender el fuego para incinerar al mu\u00f1eco fue la regidora Karina del Carmen Arroniz Palavicini.<\/p>\n\n\n\n<p>Lo hizo en presencia del alcalde Marcos Isle\u00f1o Andrade, ediles, funcionarios municipales y de los integrantes de la Corte Real de la emblem\u00e1tica fiesta.<\/p>\n\n\n\n<p>Posterior a la quema dio inicio el espectacular show del internacionalmente conocido payaso Pipir\u00edn, quien deleit\u00f3 a peque\u00f1os y grandes durante casi dos horas de chistes y ocurrencias.<\/p>\n\n\n\n<p>Ya entrada la noche se dio paso al balizado popular a cargo de los grupos musicales Beto Serrano y su Grupo, Wicho Celis y sus Teclados y Ciro y su Show.<\/p>\n\n\n\n<p>Durante este primer evento, los medellinenses pudieron disfrutar de diversas atracciones, toro mec\u00e1nico, juegos de destreza y juegos mec\u00e1nicos.<\/p>\n\n\n\n<p>El evento estuvo engalanado por la Corte Real 2022 encabezada por: Lizeth Ponce (Reina), Francisco Zamudio (Rey), Daniel Pe\u00f1a Gonz\u00e1lez, (Rey de la Alegr\u00eda), Andrey Ritani Avenda\u00f1o (Reina Infantil) y Luis Alberto Uc Rojas (Rey Infantil).<\/p>\n\n\n\n<p>Las actividades continuar\u00e1n este viernes con la coronaci\u00f3n de los reyes de la Feria, en donde tambi\u00e9n se contar\u00e1 con la participaci\u00f3n de talentos en el Teatro del Pueblo, como la de V\u00edctor S\u00e1nchez \u201cEl Jarocho\u201d, y un espect\u00e1culo de pirot\u00e9cnia.<\/p>\n","protected":false},"excerpt":{"rendered":"<p>Alejandro \u00c1vila Medell\u00edn de Bravo, Ver.- La noche de este jueves se realiz\u00f3 la tradicional Quema del Mal Humor, para dar inicio a las festividades de la Feria del Mango 2022, donde la figura a la que se le prendi\u00f3 fuego, fue la del ex alcalde panista, Hip\u00f3lito Deschamps Espino Barros Es de mencionar que, [&hellip;]<\/p>\n","protected":false},"author":1,"featured_media":29681,"comment_status":"open","ping_status":"open","sticky":false,"template":"","format":"standard","meta":{"_jetpack_memberships_contains_paid_content":false,"footnotes":""},"categories":[2],"tags":[],"class_list":["post-29680","post","type-post","status-publish","format-standard","has-post-thumbnail","hentry","category-estado"],"jetpack_featured_media_url":"https:\/\/encuentroinformativo.com.mx\/wp-content\/uploads\/2022\/07\/CE8E2041-E570-4BFC-8873-DDDD2CA4CEF0.jpeg","jetpack_sharing_enabled":true,"jetpack_likes_enabled":true,"amp_enabled":true,"_links":{"self":[{"href":"https:\/\/encuentroinformativo.com.mx\/index.php?rest_route=\/wp\/v2\/posts\/29680","targetHints":{"allow":["GET"]}}],"collection":[{"href":"https:\/\/encuentroinformativo.com.mx\/index.php?rest_route=\/wp\/v2\/posts"}],"about":[{"href":"https:\/\/encuentroinformativo.com.mx\/index.php?rest_route=\/wp\/v2\/types\/post"}],"author":[{"embeddable":true,"href":"https:\/\/encuentroinformativo.com.mx\/index.php?rest_route=\/wp\/v2\/users\/1"}],"replies":[{"embeddable":true,"href":"https:\/\/encuentroinformativo.com.mx\/index.php?rest_route=%2Fwp%2Fv2%2Fcomments&post=29680"}],"version-history":[{"count":1,"href":"https:\/\/encuentroinformativo.com.mx\/index.php?rest_route=\/wp\/v2\/posts\/29680\/revisions"}],"predecessor-version":[{"id":29682,"href":"https:\/\/encuentroinformativo.com.mx\/index.php?rest_route=\/wp\/v2\/posts\/29680\/revisions\/29682"}],"wp:featuredmedia":[{"embeddable":true,"href":"https:\/\/encuentroinformativo.com.mx\/index.php?rest_route=\/wp\/v2\/media\/29681"}],"wp:attachment":[{"href":"https:\/\/encuentroinformativo.com.mx\/index.php?rest_route=%2Fwp%2Fv2%2Fmedia&parent=29680"}],"wp:term":[{"taxonomy":"category","embeddable":true,"href":"https:\/\/encuentroinformativo.com.mx\/index.php?rest_route=%2Fwp%2Fv2%2Fcategories&post=29680"},{"taxonomy":"post_tag","embeddable":true,"href":"https:\/\/encuentroinformativo.com.mx\/index.php?rest_route=%2Fwp%2Fv2%2Ftags&post=29680"}],"curies":[{"name":"wp","href":"https:\/\/api.w.org\/{rel}","templated":true}]}}