{"id":29687,"date":"2022-07-22T11:29:08","date_gmt":"2022-07-22T16:29:08","guid":{"rendered":"https:\/\/encuentroinformativo.com.mx\/?p=29687"},"modified":"2022-07-22T11:29:12","modified_gmt":"2022-07-22T16:29:12","slug":"descarta-nuevo-comandante-de-la-tercera-region-naval-puntos-rojos-en-veracruz","status":"publish","type":"post","link":"https:\/\/encuentroinformativo.com.mx\/?p=29687","title":{"rendered":"Descarta nuevo Comandante de la Tercera Regi\u00f3n Naval &#8220;puntos rojos&#8221; en Veracruz"},"content":{"rendered":"\n<p><strong>Alejandro \u00c1vila<\/strong><\/p>\n\n\n\n<p>Veracruz, Ver.- El nuevo Comandante de la Tercera Regi\u00f3n Naval en Veracruz, Fernando Alfonso Angli Rodr\u00edguez, descart\u00f3 que la entidad veracruzana exista un municipio o zona catalogado como &#8220;punto rojo&#8221;.<\/p>\n\n\n\n<p>Apenas este viernes por la ma\u00f1ana, fue su primer d\u00eda formal, como nuevo Comandante de la SEMAR en Veracruz; y su primer evento fue encabezar en compa\u00f1\u00eda del gobernador, Cuitl\u00e1huac Garc\u00eda Jim\u00e9nez, las &#8220;Mesas para la Construcci\u00f3n de la Paz&#8221;, mismas que se efectuaron en la ciudad y puerto de Veracruz.<\/p>\n\n\n\n<p>&#8220;Pues lograr cooperar para la seguridad del Estado, ese es nuestro mayor reto (\u2026) Hasta ahorita, que yo sepa, hemos estado mejorando continuamente en el estado, no tengo ning\u00fan punto rojo en espec\u00edfico&#8221;, subray\u00f3.<\/p>\n\n\n\n<p>El Mando Naval coment\u00f3 que, los cambios en las Regiones y Zonas Navales qu\u00e9 realiz\u00f3 la Secretar\u00eda de Marina, fueron una redistribuci\u00f3n estrat\u00e9gica con la finalidad de mejorar la eficiencia de sus operaciones.<\/p>\n\n\n\n<p>&#8220;Tengo escasas dos horas de haber llegado, la instruccion es continuar con el apoyo a la seguridad del Estado (\u2026) En nada, simplemente es una designaci\u00f3n, lo que pasa es que en un barco todo lo que est\u00e1 del lado de babor es par y todo lo que est\u00e1 de lado de estribor es non, entonces as\u00ed est\u00e1 igual el pa\u00eds, y todo por un lado son nones y por otro lado son pares. Vamos a ser 13 Regiones Navales&#8221;, puntualiz\u00f3.<\/p>\n\n\n\n<p>Finalmente Fernando Alfonso Angli Rodr\u00edguez dijo que, tendr\u00e1n que hacer una evaluaci\u00f3n para decidir si se incrementa el n\u00famero de elementos en la entidad veracruzana, pero por el momento continuar\u00e1n con los que ya est\u00e1n realizando su labor en Veracruz.<\/p>\n","protected":false},"excerpt":{"rendered":"<p>Alejandro \u00c1vila Veracruz, Ver.- El nuevo Comandante de la Tercera Regi\u00f3n Naval en Veracruz, Fernando Alfonso Angli Rodr\u00edguez, descart\u00f3 que la entidad veracruzana exista un municipio o zona catalogado como &#8220;punto rojo&#8221;. Apenas este viernes por la ma\u00f1ana, fue su primer d\u00eda formal, como nuevo Comandante de la SEMAR en Veracruz; y su primer evento [&hellip;]<\/p>\n","protected":false},"author":1,"featured_media":29688,"comment_status":"open","ping_status":"open","sticky":false,"template":"","format":"standard","meta":{"_jetpack_memberships_contains_paid_content":false,"footnotes":""},"categories":[2],"tags":[],"class_list":["post-29687","post","type-post","status-publish","format-standard","has-post-thumbnail","hentry","category-estado"],"jetpack_featured_media_url":"https:\/\/encuentroinformativo.com.mx\/wp-content\/uploads\/2022\/07\/BA3AD7A7-7E06-4E14-B288-685EB6893FAA.jpeg","jetpack_sharing_enabled":true,"jetpack_likes_enabled":true,"amp_enabled":true,"_links":{"self":[{"href":"https:\/\/encuentroinformativo.com.mx\/index.php?rest_route=\/wp\/v2\/posts\/29687","targetHints":{"allow":["GET"]}}],"collection":[{"href":"https:\/\/encuentroinformativo.com.mx\/index.php?rest_route=\/wp\/v2\/posts"}],"about":[{"href":"https:\/\/encuentroinformativo.com.mx\/index.php?rest_route=\/wp\/v2\/types\/post"}],"author":[{"embeddable":true,"href":"https:\/\/encuentroinformativo.com.mx\/index.php?rest_route=\/wp\/v2\/users\/1"}],"replies":[{"embeddable":true,"href":"https:\/\/encuentroinformativo.com.mx\/index.php?rest_route=%2Fwp%2Fv2%2Fcomments&post=29687"}],"version-history":[{"count":1,"href":"https:\/\/encuentroinformativo.com.mx\/index.php?rest_route=\/wp\/v2\/posts\/29687\/revisions"}],"predecessor-version":[{"id":29689,"href":"https:\/\/encuentroinformativo.com.mx\/index.php?rest_route=\/wp\/v2\/posts\/29687\/revisions\/29689"}],"wp:featuredmedia":[{"embeddable":true,"href":"https:\/\/encuentroinformativo.com.mx\/index.php?rest_route=\/wp\/v2\/media\/29688"}],"wp:attachment":[{"href":"https:\/\/encuentroinformativo.com.mx\/index.php?rest_route=%2Fwp%2Fv2%2Fmedia&parent=29687"}],"wp:term":[{"taxonomy":"category","embeddable":true,"href":"https:\/\/encuentroinformativo.com.mx\/index.php?rest_route=%2Fwp%2Fv2%2Fcategories&post=29687"},{"taxonomy":"post_tag","embeddable":true,"href":"https:\/\/encuentroinformativo.com.mx\/index.php?rest_route=%2Fwp%2Fv2%2Ftags&post=29687"}],"curies":[{"name":"wp","href":"https:\/\/api.w.org\/{rel}","templated":true}]}}