{"id":2969,"date":"2020-06-01T13:46:32","date_gmt":"2020-06-01T18:46:32","guid":{"rendered":"https:\/\/encuentroinformativo.com\/?p=2969"},"modified":"2020-06-01T13:46:34","modified_gmt":"2020-06-01T18:46:34","slug":"protestan-comerciantes-reclaman-acceder-a-microcreditos","status":"publish","type":"post","link":"https:\/\/encuentroinformativo.com.mx\/?p=2969","title":{"rendered":"Protestan comerciantes, reclaman acceder a microcr\u00e9ditos"},"content":{"rendered":"\n<p><strong>Juan Arcos <\/strong><\/p>\n\n\n\n<p>Xalapa, Ver.- Comerciantes del parque Benito Ju\u00e1rez protestaron para denunciar que el gobierno estatal les rechaz\u00f3 los microcr\u00e9ditos a los que acceder\u00edan como un apoyo por el cierre de sus negocios durante la contingencia sanitaria del Covid-19.<\/p>\n\n\n\n<p>Los quejosos se plantaron afuera de Palacio Municipal, para exigir una respuesta favorable a sus peticiones, toda vez que sus ganancias cayeron 100 por ciento durante la pandemia y requieren de los apoyos que ha brindado el gobierno.<\/p>\n\n\n\n<p>De acuerdo con Yolanda Romero Rojas, secretaria general de la Uni\u00f3n de Vendedores Fijos y Semifijos del parque Ju\u00e1rez y Los Tecajetes, les negaron el apoyo por falta de documentaci\u00f3n.<\/p>\n\n\n\n<p>Sin embargo, acus\u00f3 que les ped\u00edan fotograf\u00edas del puesto comercial, con ellos al interior, para acceder a los cr\u00e9ditos.<\/p>\n\n\n\n<p>\u201cLa encargada de Promover se llama Ana Laura, queremos que nos d\u00e9 una explicaci\u00f3n del porqu\u00e9, c\u00f3mo voy a creer que sea tan absurda ella en el cargo que tiene, nos pide una foto del puesto y que estemos dentro del puesto. C\u00f3mo nos vamos a tomar la foto si est\u00e1 cerrado el parque\u201d.<\/p>\n\n\n\n<p>La entrevistada indic\u00f3 que solo les dieron \u201clargas\u201d y \u201catole con el dedo\u201d para no beneficiarlos con dichos apoyos.<\/p>\n\n\n\n<p>Los 67 comerciantes exigen al ayuntamiento que abran el parque Ju\u00e1rez para que puedan trabajar.<\/p>\n\n\n\n<p>Romero Rojas revel\u00f3 que los comerciantes fueron amenazados por el director de Gobernaci\u00f3n para evitar que retiraran las vallas e ingresaran al parque para vender su mercanc\u00eda.<\/p>\n\n\n\n<p>\u201cEllos ya quieren quitar las vallas, abrir el parque y meterse a vender. Ahora, tenemos la amenaza de Gobernaci\u00f3n de que si nosotros abrimos el parque nos van a echar a la polic\u00eda, as\u00ed se lo coment\u00f3 a una compa\u00f1era (Juan Vergel Pacheco)\u201d, finaliz\u00f3.<\/p>\n\n\n\n<p><\/p>\n","protected":false},"excerpt":{"rendered":"<p>Juan Arcos Xalapa, Ver.- Comerciantes del parque Benito Ju\u00e1rez protestaron para denunciar que el gobierno estatal les rechaz\u00f3 los microcr\u00e9ditos a los que acceder\u00edan como un apoyo por el cierre de sus negocios durante la contingencia sanitaria del Covid-19. Los quejosos se plantaron afuera de Palacio Municipal, para exigir una respuesta favorable a sus peticiones, [&hellip;]<\/p>\n","protected":false},"author":1,"featured_media":2970,"comment_status":"open","ping_status":"open","sticky":false,"template":"","format":"standard","meta":{"_jetpack_memberships_contains_paid_content":false,"footnotes":""},"categories":[3],"tags":[],"class_list":["post-2969","post","type-post","status-publish","format-standard","has-post-thumbnail","hentry","category-xalapa"],"jetpack_featured_media_url":"https:\/\/encuentroinformativo.com.mx\/wp-content\/uploads\/2020\/06\/692AD509-7537-4B03-A5CB-056F10A28EEA.jpeg","jetpack_sharing_enabled":true,"jetpack_likes_enabled":true,"amp_enabled":true,"_links":{"self":[{"href":"https:\/\/encuentroinformativo.com.mx\/index.php?rest_route=\/wp\/v2\/posts\/2969","targetHints":{"allow":["GET"]}}],"collection":[{"href":"https:\/\/encuentroinformativo.com.mx\/index.php?rest_route=\/wp\/v2\/posts"}],"about":[{"href":"https:\/\/encuentroinformativo.com.mx\/index.php?rest_route=\/wp\/v2\/types\/post"}],"author":[{"embeddable":true,"href":"https:\/\/encuentroinformativo.com.mx\/index.php?rest_route=\/wp\/v2\/users\/1"}],"replies":[{"embeddable":true,"href":"https:\/\/encuentroinformativo.com.mx\/index.php?rest_route=%2Fwp%2Fv2%2Fcomments&post=2969"}],"version-history":[{"count":1,"href":"https:\/\/encuentroinformativo.com.mx\/index.php?rest_route=\/wp\/v2\/posts\/2969\/revisions"}],"predecessor-version":[{"id":2971,"href":"https:\/\/encuentroinformativo.com.mx\/index.php?rest_route=\/wp\/v2\/posts\/2969\/revisions\/2971"}],"wp:featuredmedia":[{"embeddable":true,"href":"https:\/\/encuentroinformativo.com.mx\/index.php?rest_route=\/wp\/v2\/media\/2970"}],"wp:attachment":[{"href":"https:\/\/encuentroinformativo.com.mx\/index.php?rest_route=%2Fwp%2Fv2%2Fmedia&parent=2969"}],"wp:term":[{"taxonomy":"category","embeddable":true,"href":"https:\/\/encuentroinformativo.com.mx\/index.php?rest_route=%2Fwp%2Fv2%2Fcategories&post=2969"},{"taxonomy":"post_tag","embeddable":true,"href":"https:\/\/encuentroinformativo.com.mx\/index.php?rest_route=%2Fwp%2Fv2%2Ftags&post=2969"}],"curies":[{"name":"wp","href":"https:\/\/api.w.org\/{rel}","templated":true}]}}