{"id":29706,"date":"2022-07-22T16:15:57","date_gmt":"2022-07-22T21:15:57","guid":{"rendered":"https:\/\/encuentroinformativo.com.mx\/?p=29706"},"modified":"2022-07-22T16:16:01","modified_gmt":"2022-07-22T21:16:01","slug":"suelta-de-toros-deja-4-lesionados-en-xico","status":"publish","type":"post","link":"https:\/\/encuentroinformativo.com.mx\/?p=29706","title":{"rendered":"Suelta de toros, deja 4 lesionados en Xico"},"content":{"rendered":"\n<p><strong>Juan Arcos <\/strong><\/p>\n\n\n\n<p>Xico, Ver.- Cuatro personas resultaron lesionadas durante la capea de toros que se llev\u00f3 a cabo en el municipio de Xico, durante las fiestas en honor a Santa Mar\u00eda Magdalena.<\/p>\n\n\n\n<p>El coordinador de atenci\u00f3n prehospitalaria para las fiestas de Xico, Efra\u00edn Galv\u00e1n Gonz\u00e1lez, detall\u00f3 que los heridos son hombres y que s\u00f3lo dos de ellos requirieron hospitalizaci\u00f3n.<\/p>\n\n\n\n<p>\u201cDos de ellos fueron atendidos en el lugar y no necesitaron el traslado hacia un hospital\u201d, indic\u00f3.<\/p>\n\n\n\n<p>Uno de los lesionados fue traslado al Hospital Regional \u201cLuis F. Nach\u00f3n\u201d de la ciudad de Xalapa y el otro al Hospital de la Comunidad de Coatepec.<\/p>\n\n\n\n<p>\u201cDe esos cuatro lesionados dos eran for\u00e1neos: uno originario de Huamantla (Tlaxcala) y otro la ciudad de Coatepec y los otros dos que no ameritaron el traslado son originarios de Xico\u201d, expres\u00f3.<\/p>\n\n\n\n<p>Galv\u00e1n Gonz\u00e1lez detall\u00f3 que las personas hospitalizadas se encuentran estables pese a la gravedad de sus lesiones.<\/p>\n\n\n\n<p>La capea de toros inici\u00f3 a las 12:00 y concluy\u00f3 a las 13:45 horas de este viernes 22 de julio.<\/p>\n\n\n\n<p>Cabe destacar que tradicionalmente despu\u00e9s de la Xique\u00f1ada, el alcalde o alcaldesa y los dem\u00e1s ediles en turno impart\u00edan una conferencia de prensa para dar a conocer los pormenores del evento taurino.<\/p>\n\n\n\n<p>Sin embargo, en esta ocasi\u00f3n, el alcalde de Xico, Luis Yoval Maldonado, se ausent\u00f3 presuntamente por \u201ccuestiones familiares\u201d.\u00a0<\/p>\n","protected":false},"excerpt":{"rendered":"<p>Juan Arcos Xico, Ver.- Cuatro personas resultaron lesionadas durante la capea de toros que se llev\u00f3 a cabo en el municipio de Xico, durante las fiestas en honor a Santa Mar\u00eda Magdalena. El coordinador de atenci\u00f3n prehospitalaria para las fiestas de Xico, Efra\u00edn Galv\u00e1n Gonz\u00e1lez, detall\u00f3 que los heridos son hombres y que s\u00f3lo dos [&hellip;]<\/p>\n","protected":false},"author":1,"featured_media":29707,"comment_status":"open","ping_status":"open","sticky":false,"template":"","format":"standard","meta":{"_jetpack_memberships_contains_paid_content":false,"footnotes":""},"categories":[8],"tags":[],"class_list":["post-29706","post","type-post","status-publish","format-standard","has-post-thumbnail","hentry","category-region"],"jetpack_featured_media_url":"https:\/\/encuentroinformativo.com.mx\/wp-content\/uploads\/2022\/07\/FDC9FE3E-0D98-4404-B53B-F66EF6A8E07D.jpeg","jetpack_sharing_enabled":true,"jetpack_likes_enabled":true,"amp_enabled":true,"_links":{"self":[{"href":"https:\/\/encuentroinformativo.com.mx\/index.php?rest_route=\/wp\/v2\/posts\/29706","targetHints":{"allow":["GET"]}}],"collection":[{"href":"https:\/\/encuentroinformativo.com.mx\/index.php?rest_route=\/wp\/v2\/posts"}],"about":[{"href":"https:\/\/encuentroinformativo.com.mx\/index.php?rest_route=\/wp\/v2\/types\/post"}],"author":[{"embeddable":true,"href":"https:\/\/encuentroinformativo.com.mx\/index.php?rest_route=\/wp\/v2\/users\/1"}],"replies":[{"embeddable":true,"href":"https:\/\/encuentroinformativo.com.mx\/index.php?rest_route=%2Fwp%2Fv2%2Fcomments&post=29706"}],"version-history":[{"count":1,"href":"https:\/\/encuentroinformativo.com.mx\/index.php?rest_route=\/wp\/v2\/posts\/29706\/revisions"}],"predecessor-version":[{"id":29708,"href":"https:\/\/encuentroinformativo.com.mx\/index.php?rest_route=\/wp\/v2\/posts\/29706\/revisions\/29708"}],"wp:featuredmedia":[{"embeddable":true,"href":"https:\/\/encuentroinformativo.com.mx\/index.php?rest_route=\/wp\/v2\/media\/29707"}],"wp:attachment":[{"href":"https:\/\/encuentroinformativo.com.mx\/index.php?rest_route=%2Fwp%2Fv2%2Fmedia&parent=29706"}],"wp:term":[{"taxonomy":"category","embeddable":true,"href":"https:\/\/encuentroinformativo.com.mx\/index.php?rest_route=%2Fwp%2Fv2%2Fcategories&post=29706"},{"taxonomy":"post_tag","embeddable":true,"href":"https:\/\/encuentroinformativo.com.mx\/index.php?rest_route=%2Fwp%2Fv2%2Ftags&post=29706"}],"curies":[{"name":"wp","href":"https:\/\/api.w.org\/{rel}","templated":true}]}}