{"id":29718,"date":"2022-07-23T13:39:59","date_gmt":"2022-07-23T18:39:59","guid":{"rendered":"https:\/\/encuentroinformativo.com.mx\/?p=29718"},"modified":"2022-07-23T13:40:03","modified_gmt":"2022-07-23T18:40:03","slug":"ayuntamiento-de-boca-del-rio-respalda-marcha-lgbtq","status":"publish","type":"post","link":"https:\/\/encuentroinformativo.com.mx\/?p=29718","title":{"rendered":"Ayuntamiento de Boca del R\u00edo respalda marcha LGBTQ+"},"content":{"rendered":"\n<p><strong>Alejandro \u00c1vila<\/strong><\/p>\n\n\n\n<p>Boca del R\u00edo, Ver.- El alcalde de Boca del R\u00edo, Juan Manuel Unanue Abascal, recibi\u00f3 al Comit\u00e9 Organizador de la XI Marcha LGBTQ+, misma que se llevar\u00e1 a cabo este domingo 24 de julio.<\/p>\n\n\n\n<p>Felipe Santiago Mar\u00eda, presidente de la Asociaci\u00f3n Civil \u201cVivir con Valor y Esperanza\u201d, resalt\u00f3 las facilidades y apoyo qu\u00e9 les ofrecieron los Ayuntamiento, ya que la marcha iniciar\u00e1 a las 17 horas en el bulevar &#8220;Manuel \u00c1vila Camacho&#8221; a la altura del Hotel Lois, y culminar\u00e1 en la Plaza del Magisterio, en el municipio de Veracruz.<\/p>\n\n\n\n<p>Al t\u00e9rmino del evento, se tiene previsto emitir un mensaje en apoyo de la comunidad, y realizar algunos espect\u00e1culos recreativos.<\/p>\n\n\n\n<p>Est\u00e1 ser\u00e1 una de las tantas actividades que se tienen previstas para cerrar el a\u00f1o 2022; d\u00f3nde diversos grupos de la comunidad LGBTQ+ se congregar\u00e1n en la zona conurbada Veracruz &#8211; Boca del R\u00edo; se espera un contingente importante con visitantes de Alvarado, Lerdo de Tejada, Tlacotlalpan, Catemaco y \u00c1ngel R. Cabada.<\/p>\n\n\n\n<p>Cabe mencionar que, la actriz Alma Cero, conocida por su papel de &#8220;Rosa Aurora&#8221; en la serie &#8220;Mar\u00eda de todos los \u00c1ngeles&#8221;, ser\u00e1 la madrina de la marcha.<\/p>\n","protected":false},"excerpt":{"rendered":"<p>Alejandro \u00c1vila Boca del R\u00edo, Ver.- El alcalde de Boca del R\u00edo, Juan Manuel Unanue Abascal, recibi\u00f3 al Comit\u00e9 Organizador de la XI Marcha LGBTQ+, misma que se llevar\u00e1 a cabo este domingo 24 de julio. Felipe Santiago Mar\u00eda, presidente de la Asociaci\u00f3n Civil \u201cVivir con Valor y Esperanza\u201d, resalt\u00f3 las facilidades y apoyo qu\u00e9 [&hellip;]<\/p>\n","protected":false},"author":1,"featured_media":29719,"comment_status":"open","ping_status":"open","sticky":false,"template":"","format":"standard","meta":{"_jetpack_memberships_contains_paid_content":false,"footnotes":""},"categories":[2],"tags":[],"class_list":["post-29718","post","type-post","status-publish","format-standard","has-post-thumbnail","hentry","category-estado"],"jetpack_featured_media_url":"https:\/\/encuentroinformativo.com.mx\/wp-content\/uploads\/2022\/07\/2BCFACCF-7E8C-4EBF-BABD-97DA118640FB.jpeg","jetpack_sharing_enabled":true,"jetpack_likes_enabled":true,"amp_enabled":true,"_links":{"self":[{"href":"https:\/\/encuentroinformativo.com.mx\/index.php?rest_route=\/wp\/v2\/posts\/29718","targetHints":{"allow":["GET"]}}],"collection":[{"href":"https:\/\/encuentroinformativo.com.mx\/index.php?rest_route=\/wp\/v2\/posts"}],"about":[{"href":"https:\/\/encuentroinformativo.com.mx\/index.php?rest_route=\/wp\/v2\/types\/post"}],"author":[{"embeddable":true,"href":"https:\/\/encuentroinformativo.com.mx\/index.php?rest_route=\/wp\/v2\/users\/1"}],"replies":[{"embeddable":true,"href":"https:\/\/encuentroinformativo.com.mx\/index.php?rest_route=%2Fwp%2Fv2%2Fcomments&post=29718"}],"version-history":[{"count":1,"href":"https:\/\/encuentroinformativo.com.mx\/index.php?rest_route=\/wp\/v2\/posts\/29718\/revisions"}],"predecessor-version":[{"id":29720,"href":"https:\/\/encuentroinformativo.com.mx\/index.php?rest_route=\/wp\/v2\/posts\/29718\/revisions\/29720"}],"wp:featuredmedia":[{"embeddable":true,"href":"https:\/\/encuentroinformativo.com.mx\/index.php?rest_route=\/wp\/v2\/media\/29719"}],"wp:attachment":[{"href":"https:\/\/encuentroinformativo.com.mx\/index.php?rest_route=%2Fwp%2Fv2%2Fmedia&parent=29718"}],"wp:term":[{"taxonomy":"category","embeddable":true,"href":"https:\/\/encuentroinformativo.com.mx\/index.php?rest_route=%2Fwp%2Fv2%2Fcategories&post=29718"},{"taxonomy":"post_tag","embeddable":true,"href":"https:\/\/encuentroinformativo.com.mx\/index.php?rest_route=%2Fwp%2Fv2%2Ftags&post=29718"}],"curies":[{"name":"wp","href":"https:\/\/api.w.org\/{rel}","templated":true}]}}