{"id":2972,"date":"2020-06-01T13:52:05","date_gmt":"2020-06-01T18:52:05","guid":{"rendered":"https:\/\/encuentroinformativo.com\/?p=2972"},"modified":"2020-06-01T13:52:08","modified_gmt":"2020-06-01T18:52:08","slug":"cabildo-de-coatepec-rechazo-reforma-electoral","status":"publish","type":"post","link":"https:\/\/encuentroinformativo.com.mx\/?p=2972","title":{"rendered":"Cabildo de Coatepec rechaz\u00f3 reforma electoral"},"content":{"rendered":"\n<p><strong>Juan Arcos <\/strong><\/p>\n\n\n\n<p>Coatepec, Ver.- La Reforma Electoral fue desechada por el Cabildo de Coatepec, durante este lunes 1\u00ba de junio.<\/p>\n\n\n\n<p>La reforma fue analizada y debatida; sin embargo, la mayor\u00eda de los ediles votaron en contra.<\/p>\n\n\n\n<p>As\u00ed lo dio a conocer el regidor tercero Jorge Ignacio Luna Hern\u00e1ndez, quien adem\u00e1s dijo estar a favor de dicha modificaci\u00f3n constitucional.<\/p>\n\n\n\n<p>El edil record\u00f3 que la reforma fue enviada por el gobernador Cuitl\u00e1huac Garc\u00eda Jim\u00e9nez al Congreso del Estado, misma que fue aprobada el pasado 13 de mayo, y que ahora deber\u00e1 ser votada en los municipios.<\/p>\n\n\n\n<p>A su juicio, se trata de un reforma progresista, trascendente y necesaria para el estado de Veracruz.<\/p>\n\n\n\n<p>A\u00f1adi\u00f3 que la reforma regula y establece los derechos de las minor\u00edas, los derechos a la paridad de g\u00e9nero en las contiendas, los derechos de las juventudes, los derechos de los adultos mayores y los derechos de los pueblos originarios.<\/p>\n\n\n\n<p>\u201cComo regidor de este municipio me manifest\u00e9 a favor de esta reforma que sin duda es una reforma necesaria para el estado de Veracruz que tendr\u00eda que ser aprobada y beneficiar\u00eda e impactar\u00eda de manera positiva hacia los veracruzanos\u201d, agreg\u00f3.<\/p>\n\n\n\n<p>Detallo que dentro de los aspectos m\u00e1s relevantes de la reforma se contempla la disminuci\u00f3n del financiamiento a los partidos pol\u00edticos.<\/p>\n\n\n\n<p>Se prev\u00e9 un ahorro 177 millones de pesos en la reducci\u00f3n de las prerrogativas.<\/p>\n\n\n\n<p>\u201cCon el c\u00famulo de reformas se prev\u00e9 una disminuci\u00f3n, un ahorro, de cerca de 540 millones de pesos que van a ir a parar a la salud, a la educaci\u00f3n de los veracruzanos, es por ello, que me manifest\u00e9 a favor el d\u00eda de hoy; sin embargo, tambi\u00e9n es mi deber decirles que esta reforma no prosper\u00f3, ni se aprob\u00f3 y se vot\u00f3 en contra en el municipio\u201d, remat\u00f3.<\/p>\n\n\n\n<p><\/p>\n","protected":false},"excerpt":{"rendered":"<p>Juan Arcos Coatepec, Ver.- La Reforma Electoral fue desechada por el Cabildo de Coatepec, durante este lunes 1\u00ba de junio. La reforma fue analizada y debatida; sin embargo, la mayor\u00eda de los ediles votaron en contra. As\u00ed lo dio a conocer el regidor tercero Jorge Ignacio Luna Hern\u00e1ndez, quien adem\u00e1s dijo estar a favor de [&hellip;]<\/p>\n","protected":false},"author":1,"featured_media":2973,"comment_status":"open","ping_status":"open","sticky":false,"template":"","format":"standard","meta":{"_jetpack_memberships_contains_paid_content":false,"footnotes":""},"categories":[2],"tags":[],"class_list":["post-2972","post","type-post","status-publish","format-standard","has-post-thumbnail","hentry","category-estado"],"jetpack_featured_media_url":"https:\/\/encuentroinformativo.com.mx\/wp-content\/uploads\/2020\/06\/B4545376-073D-49B7-AAD4-4029C88E0AF1.jpeg","jetpack_sharing_enabled":true,"jetpack_likes_enabled":true,"amp_enabled":true,"_links":{"self":[{"href":"https:\/\/encuentroinformativo.com.mx\/index.php?rest_route=\/wp\/v2\/posts\/2972","targetHints":{"allow":["GET"]}}],"collection":[{"href":"https:\/\/encuentroinformativo.com.mx\/index.php?rest_route=\/wp\/v2\/posts"}],"about":[{"href":"https:\/\/encuentroinformativo.com.mx\/index.php?rest_route=\/wp\/v2\/types\/post"}],"author":[{"embeddable":true,"href":"https:\/\/encuentroinformativo.com.mx\/index.php?rest_route=\/wp\/v2\/users\/1"}],"replies":[{"embeddable":true,"href":"https:\/\/encuentroinformativo.com.mx\/index.php?rest_route=%2Fwp%2Fv2%2Fcomments&post=2972"}],"version-history":[{"count":1,"href":"https:\/\/encuentroinformativo.com.mx\/index.php?rest_route=\/wp\/v2\/posts\/2972\/revisions"}],"predecessor-version":[{"id":2974,"href":"https:\/\/encuentroinformativo.com.mx\/index.php?rest_route=\/wp\/v2\/posts\/2972\/revisions\/2974"}],"wp:featuredmedia":[{"embeddable":true,"href":"https:\/\/encuentroinformativo.com.mx\/index.php?rest_route=\/wp\/v2\/media\/2973"}],"wp:attachment":[{"href":"https:\/\/encuentroinformativo.com.mx\/index.php?rest_route=%2Fwp%2Fv2%2Fmedia&parent=2972"}],"wp:term":[{"taxonomy":"category","embeddable":true,"href":"https:\/\/encuentroinformativo.com.mx\/index.php?rest_route=%2Fwp%2Fv2%2Fcategories&post=2972"},{"taxonomy":"post_tag","embeddable":true,"href":"https:\/\/encuentroinformativo.com.mx\/index.php?rest_route=%2Fwp%2Fv2%2Ftags&post=2972"}],"curies":[{"name":"wp","href":"https:\/\/api.w.org\/{rel}","templated":true}]}}