{"id":29724,"date":"2022-07-23T14:56:35","date_gmt":"2022-07-23T19:56:35","guid":{"rendered":"https:\/\/encuentroinformativo.com.mx\/?p=29724"},"modified":"2022-07-23T14:56:39","modified_gmt":"2022-07-23T19:56:39","slug":"entregan-tarjetas-de-bienestar-en-xalapa","status":"publish","type":"post","link":"https:\/\/encuentroinformativo.com.mx\/?p=29724","title":{"rendered":"Entregan tarjetas de Bienestar en Xalapa"},"content":{"rendered":"\n<p>Xalapa, Ver.- El delegado de los programas de Bienestar en Veracruz, Manuel Huerta Ladr\u00f3n de Guevara entreg\u00f3 tarjetas de la pensi\u00f3n para adultos mayores en las instalaciones de la delegaci\u00f3n.<\/p>\n\n\n\n<p>En entrevista el funcionario federal dijo que a\u00fan no se define si habr\u00e1 otro refuerzo de la vacuna contra el Covid-19 para adultos mayores, dado que las dosis, igual que la enfermedad, provoca un refuerzo inmunol\u00f3gico, pero temporal.<\/p>\n\n\n\n<figure class=\"wp-block-image size-large\"><img loading=\"lazy\" decoding=\"async\" width=\"1024\" height=\"683\" src=\"https:\/\/encuentroinformativo.com.mx\/wp-content\/uploads\/2022\/07\/3FCFCF77-E254-4A30-9D3B-EAF3B647D187-1024x683.jpeg\" alt=\"\" class=\"wp-image-29726\" srcset=\"https:\/\/encuentroinformativo.com.mx\/wp-content\/uploads\/2022\/07\/3FCFCF77-E254-4A30-9D3B-EAF3B647D187-1024x683.jpeg 1024w, https:\/\/encuentroinformativo.com.mx\/wp-content\/uploads\/2022\/07\/3FCFCF77-E254-4A30-9D3B-EAF3B647D187-300x200.jpeg 300w, https:\/\/encuentroinformativo.com.mx\/wp-content\/uploads\/2022\/07\/3FCFCF77-E254-4A30-9D3B-EAF3B647D187-768x512.jpeg 768w, https:\/\/encuentroinformativo.com.mx\/wp-content\/uploads\/2022\/07\/3FCFCF77-E254-4A30-9D3B-EAF3B647D187.jpeg 1488w\" sizes=\"auto, (max-width: 1024px) 100vw, 1024px\" \/><\/figure>\n\n\n\n<p><\/p>\n","protected":false},"excerpt":{"rendered":"<p>Xalapa, Ver.- El delegado de los programas de Bienestar en Veracruz, Manuel Huerta Ladr\u00f3n de Guevara entreg\u00f3 tarjetas de la pensi\u00f3n para adultos mayores en las instalaciones de la delegaci\u00f3n. En entrevista el funcionario federal dijo que a\u00fan no se define si habr\u00e1 otro refuerzo de la vacuna contra el Covid-19 para adultos mayores, dado [&hellip;]<\/p>\n","protected":false},"author":1,"featured_media":29725,"comment_status":"open","ping_status":"open","sticky":false,"template":"","format":"standard","meta":{"_jetpack_memberships_contains_paid_content":false,"footnotes":""},"categories":[3],"tags":[],"class_list":["post-29724","post","type-post","status-publish","format-standard","has-post-thumbnail","hentry","category-xalapa"],"jetpack_featured_media_url":"https:\/\/encuentroinformativo.com.mx\/wp-content\/uploads\/2022\/07\/A0BA73BD-4B8C-4DD0-8930-EC07D9A5A1CB.jpeg","jetpack_sharing_enabled":true,"jetpack_likes_enabled":true,"amp_enabled":true,"_links":{"self":[{"href":"https:\/\/encuentroinformativo.com.mx\/index.php?rest_route=\/wp\/v2\/posts\/29724","targetHints":{"allow":["GET"]}}],"collection":[{"href":"https:\/\/encuentroinformativo.com.mx\/index.php?rest_route=\/wp\/v2\/posts"}],"about":[{"href":"https:\/\/encuentroinformativo.com.mx\/index.php?rest_route=\/wp\/v2\/types\/post"}],"author":[{"embeddable":true,"href":"https:\/\/encuentroinformativo.com.mx\/index.php?rest_route=\/wp\/v2\/users\/1"}],"replies":[{"embeddable":true,"href":"https:\/\/encuentroinformativo.com.mx\/index.php?rest_route=%2Fwp%2Fv2%2Fcomments&post=29724"}],"version-history":[{"count":1,"href":"https:\/\/encuentroinformativo.com.mx\/index.php?rest_route=\/wp\/v2\/posts\/29724\/revisions"}],"predecessor-version":[{"id":29727,"href":"https:\/\/encuentroinformativo.com.mx\/index.php?rest_route=\/wp\/v2\/posts\/29724\/revisions\/29727"}],"wp:featuredmedia":[{"embeddable":true,"href":"https:\/\/encuentroinformativo.com.mx\/index.php?rest_route=\/wp\/v2\/media\/29725"}],"wp:attachment":[{"href":"https:\/\/encuentroinformativo.com.mx\/index.php?rest_route=%2Fwp%2Fv2%2Fmedia&parent=29724"}],"wp:term":[{"taxonomy":"category","embeddable":true,"href":"https:\/\/encuentroinformativo.com.mx\/index.php?rest_route=%2Fwp%2Fv2%2Fcategories&post=29724"},{"taxonomy":"post_tag","embeddable":true,"href":"https:\/\/encuentroinformativo.com.mx\/index.php?rest_route=%2Fwp%2Fv2%2Ftags&post=29724"}],"curies":[{"name":"wp","href":"https:\/\/api.w.org\/{rel}","templated":true}]}}