{"id":29741,"date":"2022-07-24T13:40:48","date_gmt":"2022-07-24T18:40:48","guid":{"rendered":"https:\/\/encuentroinformativo.com.mx\/?p=29741"},"modified":"2022-07-24T13:40:51","modified_gmt":"2022-07-24T18:40:51","slug":"la-historia-sin-fin-de-las-mujeres","status":"publish","type":"post","link":"https:\/\/encuentroinformativo.com.mx\/?p=29741","title":{"rendered":"La historia sin fin de las mujeres"},"content":{"rendered":"\n<p><strong>Columna de Opini\u00f3n<\/strong><\/p>\n\n\n\n<p><strong>Zaira Rosas<\/strong><\/p>\n\n\n\n<p>Al pasar por la Glorieta de las mujeres que luchan se me enchina la piel, reci\u00e9n he visto los titulares del feminicidio de Luz Raquel Padilla, las noticias tambi\u00e9n dan continuidad al caso de&nbsp;Debanhi&nbsp;Escobar, ambos tienen en com\u00fan la atenci\u00f3n medi\u00e1tica, sus nombres quedaron grabados en el colectivo de la gente, pero sus historias no son las \u00fanicas. Desgraciadamente en M\u00e9xico entre 10 y 11 mujeres son asesinadas d\u00eda con d\u00eda, de pocas conocemos su historia.&nbsp;<\/p>\n\n\n\n<p>Hay historias que surgen en el n\u00facleo m\u00e1s cercano, otras donde la violencia sist\u00e9mica se vuelve parte de la cotidianidad y cuesta detectarla como tal, historias donde las v\u00edctimas no pueden o no saben c\u00f3mo denunciar a sus agresores por la cercan\u00eda que ten\u00edan con los mismos. Hay historias de violencia donde no se entienden como tal porque las v\u00edctimas ni siquiera tienen edad suficiente para hablar o poder explicar lo sucedido.<\/p>\n\n\n\n<p>M\u00e9xico se llena de estas historias de terror a\u00f1o con a\u00f1o, es una estad\u00edstica en aumento donde a la par crece la omisi\u00f3n, la impunidad, un pacto patriarcal absurdo, el machismo y los cr\u00edmenes de odio&nbsp;perpetuados hacia las mujeres. Los feminicidios, las desapariciones y la violencia sexual, son temas que deber\u00edan ser prioritarios en la agenda de todas las autoridades, sin embargo, mientras cada una de las historias no se hagan visibles y como sociedad sigamos sin darle la importancia debida, con esa misma indiferencia seguir\u00e1n actuando las autoridades.<\/p>\n\n\n\n<p>A cada una de las v\u00edctimas les ha fallado el Estado, al no protegerlas integralmente, al no tener programas suficientes de educaci\u00f3n, al no dar continuidad a las quejas previamente elaboradas, con los carpetazos a las denuncias o la falta de seguimiento a claras se\u00f1ales de alerta, pero tambi\u00e9n les hemos fallado como sociedad al voltear la mirada ante evidentes problemas de violencia, hemos fallado como un n\u00facleo de estabilidad que busque la sanidad f\u00edsica y mental de todos los individuos, pero sobre todo estamos fallando repetidamente al no exigir de manera contundente que nuestras autoridades se comporten a la altura de la confianza que les hemos depositado para determinar el rumbo de nuestro entorno.&nbsp;<\/p>\n\n\n\n<p>Los casos de Luz y de&nbsp;Debanhi&nbsp;han tenido el seguimiento que pocas v\u00edctimas tienen,&nbsp;debido a la magnitud de sus historias, porque conmocionaron a la audiencia a niveles que trascendieron fronteras, lo cual dificulta dar un carpetazo a los temas sin da\u00f1ar la opini\u00f3n p\u00fablica de los principales dirigentes en cada una de las instituciones involucradas. A\u00fan as\u00ed siguen sin tener la respuesta o soluci\u00f3n esperada. Estos casos tambi\u00e9n ponen en evidencia la negligencia y omisi\u00f3n.&nbsp;Demuestran que pese a tener elementos suficientes para proceder a la b\u00fasqueda de desaparecidos, en el proceso no se act\u00faa con claridad y se da protecci\u00f3n a la corrupci\u00f3n incluso al interior de las instituciones.&nbsp;<\/p>\n\n\n\n<p>Estos casos son el reflejo de constantes llamadas de auxilio ignoradas, de la impunidad de nuestro pa\u00eds y el deterioro social, en el que si bien hay esperanza por quienes se suman a la lucha, a\u00fan queda una infinita tarea pendiente para encontrar soluciones reales a esta problem\u00e1tica. Cada vez son m\u00e1s las historias que buscan ser p\u00fablicas y generaciones que buscan apoderarse de espacios p\u00fablicos para hacerse escuchar. Esas generaciones han marcado una gran diferencia y han hecho posible que estos casos trasciendan gracias a la apropiaci\u00f3n de entornos digitales, pero mientras tanto el resto de la sociedad tambi\u00e9n tenemos tarea por hacer, lecciones que aprender y mucho por exigir a nuestro entorno y las autoridades.<\/p>\n\n\n\n<p>Que el eco de estas historias nos sirva para poner un alto a la pol\u00edtica de simulaci\u00f3n, en la que el discurso y los colores son representativos de una lucha, pero las acciones siguen quedando bastante cortas. Que esta historia de violencia y dolor deje de ser infinita y por fin demos seguimiento a las propuestas de colectivos que claman por un mundo equitativo para todas y todos, donde cualquier persona se pueda sentir segura.<\/p>\n","protected":false},"excerpt":{"rendered":"<p>Columna de Opini\u00f3n Zaira Rosas Al pasar por la Glorieta de las mujeres que luchan se me enchina la piel, reci\u00e9n he visto los titulares del feminicidio de Luz Raquel Padilla, las noticias tambi\u00e9n dan continuidad al caso de&nbsp;Debanhi&nbsp;Escobar, ambos tienen en com\u00fan la atenci\u00f3n medi\u00e1tica, sus nombres quedaron grabados en el colectivo de la [&hellip;]<\/p>\n","protected":false},"author":1,"featured_media":387,"comment_status":"open","ping_status":"open","sticky":false,"template":"","format":"standard","meta":{"_jetpack_memberships_contains_paid_content":false,"footnotes":""},"categories":[11],"tags":[],"class_list":["post-29741","post","type-post","status-publish","format-standard","has-post-thumbnail","hentry","category-opinion"],"jetpack_featured_media_url":"https:\/\/encuentroinformativo.com.mx\/wp-content\/uploads\/2020\/03\/7CF8A22B-2764-47BE-8F7F-38FE9E5D6A2F.jpeg","jetpack_sharing_enabled":true,"jetpack_likes_enabled":true,"amp_enabled":true,"_links":{"self":[{"href":"https:\/\/encuentroinformativo.com.mx\/index.php?rest_route=\/wp\/v2\/posts\/29741","targetHints":{"allow":["GET"]}}],"collection":[{"href":"https:\/\/encuentroinformativo.com.mx\/index.php?rest_route=\/wp\/v2\/posts"}],"about":[{"href":"https:\/\/encuentroinformativo.com.mx\/index.php?rest_route=\/wp\/v2\/types\/post"}],"author":[{"embeddable":true,"href":"https:\/\/encuentroinformativo.com.mx\/index.php?rest_route=\/wp\/v2\/users\/1"}],"replies":[{"embeddable":true,"href":"https:\/\/encuentroinformativo.com.mx\/index.php?rest_route=%2Fwp%2Fv2%2Fcomments&post=29741"}],"version-history":[{"count":1,"href":"https:\/\/encuentroinformativo.com.mx\/index.php?rest_route=\/wp\/v2\/posts\/29741\/revisions"}],"predecessor-version":[{"id":29742,"href":"https:\/\/encuentroinformativo.com.mx\/index.php?rest_route=\/wp\/v2\/posts\/29741\/revisions\/29742"}],"wp:featuredmedia":[{"embeddable":true,"href":"https:\/\/encuentroinformativo.com.mx\/index.php?rest_route=\/wp\/v2\/media\/387"}],"wp:attachment":[{"href":"https:\/\/encuentroinformativo.com.mx\/index.php?rest_route=%2Fwp%2Fv2%2Fmedia&parent=29741"}],"wp:term":[{"taxonomy":"category","embeddable":true,"href":"https:\/\/encuentroinformativo.com.mx\/index.php?rest_route=%2Fwp%2Fv2%2Fcategories&post=29741"},{"taxonomy":"post_tag","embeddable":true,"href":"https:\/\/encuentroinformativo.com.mx\/index.php?rest_route=%2Fwp%2Fv2%2Ftags&post=29741"}],"curies":[{"name":"wp","href":"https:\/\/api.w.org\/{rel}","templated":true}]}}