{"id":29754,"date":"2022-07-25T10:55:24","date_gmt":"2022-07-25T15:55:24","guid":{"rendered":"https:\/\/encuentroinformativo.com.mx\/?p=29754"},"modified":"2022-07-25T10:55:27","modified_gmt":"2022-07-25T15:55:27","slug":"cumbre-panista-en-orizaba-renovaran-comites","status":"publish","type":"post","link":"https:\/\/encuentroinformativo.com.mx\/?p=29754","title":{"rendered":"Cumbre panista en Orizaba, renovar\u00e1n Comit\u00e9s"},"content":{"rendered":"\n<p><strong>Alejandro \u00c1vila<\/strong><\/p>\n\n\n\n<p>Veracruz, Ver.- El pr\u00f3ximo 30 de octubre en la ciudad de Orizaba, se realizar\u00e1 la Asamblea Estatal del Partido Acci\u00f3n Nacional (PAN), d\u00f3nde se escoger\u00e1 al siguiente Consejo Estatal y a los Consejeros Nacionales que representar\u00e1n a Veracruz en el Comit\u00e9 Ejecutivo Nacional en los pr\u00f3ximos 3 a\u00f1os, inform\u00f3 Indira Rosales San Rom\u00e1n, secretaria general del PAN en Veracruz.<\/p>\n\n\n\n<p>La panista dijo que, a partir del mes de septiembre se realizar\u00e1n las Asambleas Municipales, d\u00f3nde se cambiar\u00e1n los Comit\u00e9s Directivos Municipales en los 212 municipios.<\/p>\n\n\n\n<p>&#8220;Tambi\u00e9n es muy importante que, ya a partir de esta nueva convocatoria tambi\u00e9n aplicar\u00e1 la paridad, entonces tendremos, la mitad de nuestras presidentas de Comit\u00e9s Directivos Municipales del PAN ser\u00e1n mujeres, y la otra mitad ser\u00e1 hombres (\u2026) eso entra en autom\u00e1tico, nosotros tenemos integrantes de la comunidad dentro de la militancia qu\u00e9 son muy participativos, incluso algunos que ya son presidentes o que ocupan cargos dentro de distintas planillas de los municipios&#8221;, apunt\u00f3.<\/p>\n\n\n\n<p>La secretaria general del PAN en Veracruz mencion\u00f3 que, en la mayor\u00eda de los municipios la designaci\u00f3n del nuevo presidente ser\u00e1 v\u00eda elecci\u00f3n, mientras que en otros, se podr\u00e1n llegar a acuerdos previos para que sea una designaci\u00f3n.<\/p>\n\n\n\n<p>Indira Rosales expuso que, a partir de la \u00faltima semana del mes de julio saldr\u00e1n las convocatorias, para los aspirantes a presidentes de Comit\u00e9s Directivos Municipales en Veracruz.<\/p>\n","protected":false},"excerpt":{"rendered":"<p>Alejandro \u00c1vila Veracruz, Ver.- El pr\u00f3ximo 30 de octubre en la ciudad de Orizaba, se realizar\u00e1 la Asamblea Estatal del Partido Acci\u00f3n Nacional (PAN), d\u00f3nde se escoger\u00e1 al siguiente Consejo Estatal y a los Consejeros Nacionales que representar\u00e1n a Veracruz en el Comit\u00e9 Ejecutivo Nacional en los pr\u00f3ximos 3 a\u00f1os, inform\u00f3 Indira Rosales San Rom\u00e1n, [&hellip;]<\/p>\n","protected":false},"author":1,"featured_media":29755,"comment_status":"open","ping_status":"open","sticky":false,"template":"","format":"standard","meta":{"_jetpack_memberships_contains_paid_content":false,"footnotes":""},"categories":[2],"tags":[],"class_list":["post-29754","post","type-post","status-publish","format-standard","has-post-thumbnail","hentry","category-estado"],"jetpack_featured_media_url":"https:\/\/encuentroinformativo.com.mx\/wp-content\/uploads\/2022\/07\/A8F71BE6-9C4F-4460-B4C7-E991EC8022FF.jpeg","jetpack_sharing_enabled":true,"jetpack_likes_enabled":true,"amp_enabled":true,"_links":{"self":[{"href":"https:\/\/encuentroinformativo.com.mx\/index.php?rest_route=\/wp\/v2\/posts\/29754","targetHints":{"allow":["GET"]}}],"collection":[{"href":"https:\/\/encuentroinformativo.com.mx\/index.php?rest_route=\/wp\/v2\/posts"}],"about":[{"href":"https:\/\/encuentroinformativo.com.mx\/index.php?rest_route=\/wp\/v2\/types\/post"}],"author":[{"embeddable":true,"href":"https:\/\/encuentroinformativo.com.mx\/index.php?rest_route=\/wp\/v2\/users\/1"}],"replies":[{"embeddable":true,"href":"https:\/\/encuentroinformativo.com.mx\/index.php?rest_route=%2Fwp%2Fv2%2Fcomments&post=29754"}],"version-history":[{"count":1,"href":"https:\/\/encuentroinformativo.com.mx\/index.php?rest_route=\/wp\/v2\/posts\/29754\/revisions"}],"predecessor-version":[{"id":29756,"href":"https:\/\/encuentroinformativo.com.mx\/index.php?rest_route=\/wp\/v2\/posts\/29754\/revisions\/29756"}],"wp:featuredmedia":[{"embeddable":true,"href":"https:\/\/encuentroinformativo.com.mx\/index.php?rest_route=\/wp\/v2\/media\/29755"}],"wp:attachment":[{"href":"https:\/\/encuentroinformativo.com.mx\/index.php?rest_route=%2Fwp%2Fv2%2Fmedia&parent=29754"}],"wp:term":[{"taxonomy":"category","embeddable":true,"href":"https:\/\/encuentroinformativo.com.mx\/index.php?rest_route=%2Fwp%2Fv2%2Fcategories&post=29754"},{"taxonomy":"post_tag","embeddable":true,"href":"https:\/\/encuentroinformativo.com.mx\/index.php?rest_route=%2Fwp%2Fv2%2Ftags&post=29754"}],"curies":[{"name":"wp","href":"https:\/\/api.w.org\/{rel}","templated":true}]}}