{"id":29758,"date":"2022-07-25T11:30:56","date_gmt":"2022-07-25T16:30:56","guid":{"rendered":"https:\/\/encuentroinformativo.com.mx\/?p=29758"},"modified":"2022-07-25T11:31:00","modified_gmt":"2022-07-25T16:31:00","slug":"coronan-a-la-florecita-del-mar-2022-y-a-los-santos-patronos-de-boca-del-rio","status":"publish","type":"post","link":"https:\/\/encuentroinformativo.com.mx\/?p=29758","title":{"rendered":"Coronan a la Florecita del Mar 2022 y a los Santos Patronos de Boca del R\u00edo"},"content":{"rendered":"\n<p><strong>*Con alegr\u00eda, hay que vivir las Fiestas de Santa Ana, dice Un\u00e1nue Abascal.<\/strong><\/p>\n\n\n\n<p>Boca del R\u00edo, Ver.- La noche de este domingo, ha dado inicio la fiesta Patronal de Boca del R\u00edo, con la ceremonia de coronaci\u00f3n de la Florecita del Mar y de los Santos Patronos, San Joaqu\u00edn y Santa Ana.<\/p>\n\n\n\n<p>De la mano del Alcalde de Boca del R\u00edo, Juan Manuel Un\u00e1nue Abascal y del P\u00e1rroco de la iglesia Nuestra Se\u00f1ora de Santa Ana en Boca del R\u00edo, Cecilio Herrera Moreno, coronaron a la peque\u00f1a Nathalia Fern\u00e1ndez Rojas Mel\u00e9ndez, quien es ya, oficialmente, la Florecita del Mar 2022.<\/p>\n\n\n\n<p>A su vez, Nathalia, representando a los habitantes de Boca del R\u00edo, coron\u00f3 a los patronos del municipio, aperturando as\u00ed, una semana de diversas actividades en la cabecera municipal.<\/p>\n\n\n\n<p>\u201cPedimos a nuestros Santos Patronos su intercesi\u00f3n por Boca del R\u00edo y sus habitantes\u201d, fue el deseo del Padre Cecilio Herrera.<\/p>\n\n\n\n<p>Cabe destacar, que el nombre de Ana proviene del hebreo y su significado en espa\u00f1ol es \u201cben\u00e9fica y compasiva\u201d, por lo que el retorno de las fiestas de Santa Ana tras una pausa por la pandemia, ser\u00e1 un paso firme en la reactivaci\u00f3n econ\u00f3mica y social del municipio.<\/p>\n\n\n\n<p>Por su parte el Presidente Municipal, destac\u00f3 que tanto su gobierno, como los habitantes, est\u00e1n muy contentos por el regreso de la celebraci\u00f3n m\u00e1s importante de las boque\u00f1as y boque\u00f1os.<\/p>\n\n\n\n<p>\u201cHay que disfrutar las fiestas viviendo despu\u00e9s de dos a\u00f1os que no se hac\u00eda, muy contentos de hacerlas de nuevo en compa\u00f1\u00eda de todos ustedes\u201d, exalt\u00f3 Un\u00e1nue Abascal.<\/p>\n\n\n\n<p>Estuvieron presentes la \u201cDoncella del Mar\u201d, Pamela Reynolds Vera, as\u00ed como la Princesa Primera, Itzel Enr\u00edquez Zamudio, adem\u00e1s de Darla Kenisha Calvillo Pardi\u00f1o, Princesa Segunda, as\u00ed como el Trit\u00f3n, Johan Enr\u00edquez.<\/p>\n\n\n\n<p>Este lunes, se inicia el programa con la Exposici\u00f3n Fotogr\u00e1fica presentada por los artistas de la lente, Hugo Garrido Montiel, Gwen Goopar y Balam G\u00f3mez con el tema, \u201cBoca en buenas manos\u201d, inaugur\u00e1ndose en punto de las 11 de la ma\u00f1ana en el Teatro Fernando Guti\u00e9rrez Barrios.<\/p>\n\n\n\n<p>Por la noche, se realizar\u00e1 la procesi\u00f3n de Nuestra Se\u00f1ora de Santa Ana a las 21:45 de la noche, saliendo de Casa Santa Ana, dirigi\u00e9ndose a la Parroquia Santa Ana y entonar la tradicional serenata a la Patrona de la ciudad.<\/p>\n\n\n\n<p>Puedes consultar todas las actividades recreativas, deportivas y culturales que el gobierno municipal de Boca del R\u00edo tiene para ti visitando la p\u00e1gina www.fiesta-santa-ana.mx<\/p>\n","protected":false},"excerpt":{"rendered":"<p>*Con alegr\u00eda, hay que vivir las Fiestas de Santa Ana, dice Un\u00e1nue Abascal. Boca del R\u00edo, Ver.- La noche de este domingo, ha dado inicio la fiesta Patronal de Boca del R\u00edo, con la ceremonia de coronaci\u00f3n de la Florecita del Mar y de los Santos Patronos, San Joaqu\u00edn y Santa Ana. De la mano [&hellip;]<\/p>\n","protected":false},"author":1,"featured_media":29759,"comment_status":"open","ping_status":"open","sticky":false,"template":"","format":"standard","meta":{"_jetpack_memberships_contains_paid_content":false,"footnotes":""},"categories":[2],"tags":[],"class_list":["post-29758","post","type-post","status-publish","format-standard","has-post-thumbnail","hentry","category-estado"],"jetpack_featured_media_url":"https:\/\/encuentroinformativo.com.mx\/wp-content\/uploads\/2022\/07\/A99D3854-62AC-47D5-9769-FCBB1C4000CF.jpeg","jetpack_sharing_enabled":true,"jetpack_likes_enabled":true,"amp_enabled":true,"_links":{"self":[{"href":"https:\/\/encuentroinformativo.com.mx\/index.php?rest_route=\/wp\/v2\/posts\/29758","targetHints":{"allow":["GET"]}}],"collection":[{"href":"https:\/\/encuentroinformativo.com.mx\/index.php?rest_route=\/wp\/v2\/posts"}],"about":[{"href":"https:\/\/encuentroinformativo.com.mx\/index.php?rest_route=\/wp\/v2\/types\/post"}],"author":[{"embeddable":true,"href":"https:\/\/encuentroinformativo.com.mx\/index.php?rest_route=\/wp\/v2\/users\/1"}],"replies":[{"embeddable":true,"href":"https:\/\/encuentroinformativo.com.mx\/index.php?rest_route=%2Fwp%2Fv2%2Fcomments&post=29758"}],"version-history":[{"count":1,"href":"https:\/\/encuentroinformativo.com.mx\/index.php?rest_route=\/wp\/v2\/posts\/29758\/revisions"}],"predecessor-version":[{"id":29760,"href":"https:\/\/encuentroinformativo.com.mx\/index.php?rest_route=\/wp\/v2\/posts\/29758\/revisions\/29760"}],"wp:featuredmedia":[{"embeddable":true,"href":"https:\/\/encuentroinformativo.com.mx\/index.php?rest_route=\/wp\/v2\/media\/29759"}],"wp:attachment":[{"href":"https:\/\/encuentroinformativo.com.mx\/index.php?rest_route=%2Fwp%2Fv2%2Fmedia&parent=29758"}],"wp:term":[{"taxonomy":"category","embeddable":true,"href":"https:\/\/encuentroinformativo.com.mx\/index.php?rest_route=%2Fwp%2Fv2%2Fcategories&post=29758"},{"taxonomy":"post_tag","embeddable":true,"href":"https:\/\/encuentroinformativo.com.mx\/index.php?rest_route=%2Fwp%2Fv2%2Ftags&post=29758"}],"curies":[{"name":"wp","href":"https:\/\/api.w.org\/{rel}","templated":true}]}}