{"id":29780,"date":"2022-07-25T12:46:34","date_gmt":"2022-07-25T17:46:34","guid":{"rendered":"https:\/\/encuentroinformativo.com.mx\/?p=29780"},"modified":"2022-07-25T12:46:38","modified_gmt":"2022-07-25T17:46:38","slug":"antorchistas-reclaman-servicio-de-agua-en-coatepec","status":"publish","type":"post","link":"https:\/\/encuentroinformativo.com.mx\/?p=29780","title":{"rendered":"Antorchistas reclaman servicio de agua en Coatepec"},"content":{"rendered":"\n<p><strong>Juan Arcos <\/strong><\/p>\n\n\n\n<p>Coatepec, Ver.- Vecinos de la colonia 2 de Marzo protestaron frente a la Comisi\u00f3n Municipal de Agua y Saneamiento de Coatepec para exigir que se restablezca el servicio de agua potable, mismo que fue suspendido desde hace dos meses.<\/p>\n\n\n\n<p>Se trata de integrantes de la organizaci\u00f3n Antorcha Campesina, quienes bloquearon la calle Ignacio Zaragoza del Pueblo M\u00e1gico para presionar a las autoridades.<\/p>\n\n\n\n<p>Los inconformes denunciaron que han dialogado con personal de la dependencia, sin obtener una respuesta favorable.<\/p>\n\n\n\n<p>Fabi\u00e1n de Jes\u00fas Cano Garc\u00eda, dirigente del Movimiento Antorchista en Coatepec, declar\u00f3 que m\u00e1s de mil personas se quedaron sin el servicio b\u00e1sico en la mencionada colonia.<\/p>\n\n\n\n<p>\u201cLa excusa que pone la CMAS es que no tienen dinero, se supone que se descompuso una bomba desde hace dos meses y que no tienen dinero para componerla. Nosotros sabemos que esa respuesta es una total mentira\u201d, expres\u00f3.<\/p>\n\n\n\n<p>Se\u00f1al\u00f3 que al no ser atendida la problem\u00e1tica por las autoridades de CMAS, decidieron cerrar la vialidad.<\/p>\n\n\n\n<p>A\u00f1adi\u00f3 que se han registrado \u201ctrabas burocr\u00e1ticas\u201d y con maniobras dilatorias se niegan a resolver la petici\u00f3n de la gente.<\/p>\n\n\n\n<p>El entrevistado mencion\u00f3 que el subdirector operativo de CMAS, Enrique Fern\u00e1ndez, ha estado solicitando una serie de requisitos para dilatar el proceso y no solucionar el problema.<\/p>\n\n\n\n<figure class=\"wp-block-image size-large\"><img loading=\"lazy\" decoding=\"async\" width=\"961\" height=\"721\" src=\"https:\/\/encuentroinformativo.com.mx\/wp-content\/uploads\/2022\/07\/541D5600-5118-405C-959A-E8DCE6D03507.jpeg\" alt=\"\" class=\"wp-image-29782\" srcset=\"https:\/\/encuentroinformativo.com.mx\/wp-content\/uploads\/2022\/07\/541D5600-5118-405C-959A-E8DCE6D03507.jpeg 961w, https:\/\/encuentroinformativo.com.mx\/wp-content\/uploads\/2022\/07\/541D5600-5118-405C-959A-E8DCE6D03507-300x225.jpeg 300w, https:\/\/encuentroinformativo.com.mx\/wp-content\/uploads\/2022\/07\/541D5600-5118-405C-959A-E8DCE6D03507-768x576.jpeg 768w\" sizes=\"auto, (max-width: 961px) 100vw, 961px\" \/><\/figure>\n\n\n\n<figure class=\"wp-block-jetpack-image-compare\"><div class=\"juxtapose\" data-mode=\"horizontal\"><img class=\"image-compare__image-before\"\/><img class=\"image-compare__image-after\"\/><\/div><\/figure>\n","protected":false},"excerpt":{"rendered":"<p>Juan Arcos Coatepec, Ver.- Vecinos de la colonia 2 de Marzo protestaron frente a la Comisi\u00f3n Municipal de Agua y Saneamiento de Coatepec para exigir que se restablezca el servicio de agua potable, mismo que fue suspendido desde hace dos meses. Se trata de integrantes de la organizaci\u00f3n Antorcha Campesina, quienes bloquearon la calle Ignacio [&hellip;]<\/p>\n","protected":false},"author":1,"featured_media":29781,"comment_status":"open","ping_status":"open","sticky":false,"template":"","format":"standard","meta":{"_jetpack_memberships_contains_paid_content":false,"footnotes":""},"categories":[8],"tags":[],"class_list":["post-29780","post","type-post","status-publish","format-standard","has-post-thumbnail","hentry","category-region"],"jetpack_featured_media_url":"https:\/\/encuentroinformativo.com.mx\/wp-content\/uploads\/2022\/07\/1BCB7AE6-BAD2-4144-BF84-9A38D80CA802.jpeg","jetpack_sharing_enabled":true,"jetpack_likes_enabled":true,"amp_enabled":true,"_links":{"self":[{"href":"https:\/\/encuentroinformativo.com.mx\/index.php?rest_route=\/wp\/v2\/posts\/29780","targetHints":{"allow":["GET"]}}],"collection":[{"href":"https:\/\/encuentroinformativo.com.mx\/index.php?rest_route=\/wp\/v2\/posts"}],"about":[{"href":"https:\/\/encuentroinformativo.com.mx\/index.php?rest_route=\/wp\/v2\/types\/post"}],"author":[{"embeddable":true,"href":"https:\/\/encuentroinformativo.com.mx\/index.php?rest_route=\/wp\/v2\/users\/1"}],"replies":[{"embeddable":true,"href":"https:\/\/encuentroinformativo.com.mx\/index.php?rest_route=%2Fwp%2Fv2%2Fcomments&post=29780"}],"version-history":[{"count":1,"href":"https:\/\/encuentroinformativo.com.mx\/index.php?rest_route=\/wp\/v2\/posts\/29780\/revisions"}],"predecessor-version":[{"id":29783,"href":"https:\/\/encuentroinformativo.com.mx\/index.php?rest_route=\/wp\/v2\/posts\/29780\/revisions\/29783"}],"wp:featuredmedia":[{"embeddable":true,"href":"https:\/\/encuentroinformativo.com.mx\/index.php?rest_route=\/wp\/v2\/media\/29781"}],"wp:attachment":[{"href":"https:\/\/encuentroinformativo.com.mx\/index.php?rest_route=%2Fwp%2Fv2%2Fmedia&parent=29780"}],"wp:term":[{"taxonomy":"category","embeddable":true,"href":"https:\/\/encuentroinformativo.com.mx\/index.php?rest_route=%2Fwp%2Fv2%2Fcategories&post=29780"},{"taxonomy":"post_tag","embeddable":true,"href":"https:\/\/encuentroinformativo.com.mx\/index.php?rest_route=%2Fwp%2Fv2%2Ftags&post=29780"}],"curies":[{"name":"wp","href":"https:\/\/api.w.org\/{rel}","templated":true}]}}