{"id":29788,"date":"2022-07-25T13:44:41","date_gmt":"2022-07-25T18:44:41","guid":{"rendered":"https:\/\/encuentroinformativo.com.mx\/?p=29788"},"modified":"2022-07-25T14:01:42","modified_gmt":"2022-07-25T19:01:42","slug":"proponen-sancionar-ataques-con-agentes-quimicos","status":"publish","type":"post","link":"https:\/\/encuentroinformativo.com.mx\/?p=29788","title":{"rendered":"Estudiante de UVM Veracruz denuncia acoso sexual en cl\u00ednica de servicio social"},"content":{"rendered":"\n<p><strong>Alejandro \u00c1vila<\/strong><\/p>\n\n\n\n<p>Veracruz, Ver.- La joven Dulce Marlene S.R. estudiante de la Universidad del valle de M\u00e9xico (UVM) campus Boca del R\u00edo, denunci\u00f3 haber sido v\u00edctima de acoso sexual, por parte de un m\u00e9dico de la cl\u00ednica d\u00f3nde realiz\u00f3 su servicio social, y a la cual fue enviada como parte del convenio que tiene la instituci\u00f3n educativa a la que pertenece.<\/p>\n\n\n\n<p>La joven de 23 a\u00f1os y qui\u00e9n tambi\u00e9n es atleta de alto rendimiento y medallista el estado de Veracruz se\u00f1al\u00f3 que, desde que inici\u00f3 el m\u00e9dico con las insinuaciones hizo el reporte a su universidad para que fuera cambiada a otra cl\u00ednica; sin embargo, no fue tomado en cuenta su reclamo.<\/p>\n\n\n\n<p>&#8220;Yo mand\u00e9 dos cartas a la Universidad, la primera declinado la plaza de servicio social, y la segunda, comentando todo lo que me hac\u00eda el doctor en la cl\u00ednica, cabe recalcar que no acab\u00e9 mi servicio social, yo me sal\u00ed de la cl\u00ednica por tema de acoso y abuso sexual, incluyendo comentarios obscenos, jaloneos y tocamiento de mis partes \u00edntimas&#8221;, subray\u00f3.<\/p>\n\n\n\n<p>Ante esta situaci\u00f3n la agraviada recab\u00f3 pruebas y grab\u00f3 conversaciones, para as\u00ed presentar su denuncia formal ante la Fiscal\u00eda General del Estado, donde se\u00f1al\u00f3 directamente al m\u00e9dico Luis Francisco G.R.<\/p>\n\n\n\n<p>La estudiante asegur\u00f3 que, existen otras mujeres en la misma situaci\u00f3n, pero hasta el momento y por temor, no han querido denunciar.<\/p>\n\n\n\n<p>Esta situaci\u00f3n relat\u00f3 Dulce Marlene, inicio en abril del 2021, y durante varias semanas estuvo a la espera de que la cambiaron de cl\u00ednica, pero al no recibir el apoyo de su instituci\u00f3n educativa decidi\u00f3 abandonar el servicio social, quedando este a\u00fan pendiente.<\/p>\n\n\n\n<p>&#8220;Me puso de condici\u00f3n que si yo tenia relaciones sexuales con \u00e9l, una vez cada 15 d\u00edas, que me dejaba de molestar, yo no acept\u00e9, mi carta de liberaci\u00f3n de servicio social esta parada, este sujeto no me quiso firmar. Yo s\u00ed habl\u00e9, pero le dec\u00eda a mis compa\u00f1eros, amigos, a la UVM, pero sinceramente yo sabia que si no tenia pruebas nadie me iba a creer, porque hay casos de chicas que las toman a locas, dec\u00eda que deb\u00eda tener pruebas, me compr\u00e9 una pluma con c\u00e1mara esp\u00eda y empec\u00e9 a grabar cuando me hacia comentarios, infinidad de comentarios que hasta me da pena decirlo&#8221;.&nbsp;<\/p>\n\n\n\n<p>Con pruebas, Dulce decidi\u00f3 acudir a la FGE para interponer la denuncia formalmente con la intenci\u00f3n de que se castigue su actuar, pero sobre todo, que no contin\u00fae con acoso a estudiantes y personal.<\/p>\n","protected":false},"excerpt":{"rendered":"<p>Alejandro \u00c1vila Veracruz, Ver.- La joven Dulce Marlene S.R. estudiante de la Universidad del valle de M\u00e9xico (UVM) campus Boca del R\u00edo, denunci\u00f3 haber sido v\u00edctima de acoso sexual, por parte de un m\u00e9dico de la cl\u00ednica d\u00f3nde realiz\u00f3 su servicio social, y a la cual fue enviada como parte del convenio que tiene la [&hellip;]<\/p>\n","protected":false},"author":1,"featured_media":29791,"comment_status":"open","ping_status":"open","sticky":false,"template":"","format":"standard","meta":{"_jetpack_memberships_contains_paid_content":false,"footnotes":""},"categories":[2],"tags":[],"class_list":["post-29788","post","type-post","status-publish","format-standard","has-post-thumbnail","hentry","category-estado"],"jetpack_featured_media_url":"https:\/\/encuentroinformativo.com.mx\/wp-content\/uploads\/2022\/07\/84E66150-9A66-4AF9-8353-B39954BAA85D.jpeg","jetpack_sharing_enabled":true,"jetpack_likes_enabled":true,"amp_enabled":true,"_links":{"self":[{"href":"https:\/\/encuentroinformativo.com.mx\/index.php?rest_route=\/wp\/v2\/posts\/29788","targetHints":{"allow":["GET"]}}],"collection":[{"href":"https:\/\/encuentroinformativo.com.mx\/index.php?rest_route=\/wp\/v2\/posts"}],"about":[{"href":"https:\/\/encuentroinformativo.com.mx\/index.php?rest_route=\/wp\/v2\/types\/post"}],"author":[{"embeddable":true,"href":"https:\/\/encuentroinformativo.com.mx\/index.php?rest_route=\/wp\/v2\/users\/1"}],"replies":[{"embeddable":true,"href":"https:\/\/encuentroinformativo.com.mx\/index.php?rest_route=%2Fwp%2Fv2%2Fcomments&post=29788"}],"version-history":[{"count":2,"href":"https:\/\/encuentroinformativo.com.mx\/index.php?rest_route=\/wp\/v2\/posts\/29788\/revisions"}],"predecessor-version":[{"id":29792,"href":"https:\/\/encuentroinformativo.com.mx\/index.php?rest_route=\/wp\/v2\/posts\/29788\/revisions\/29792"}],"wp:featuredmedia":[{"embeddable":true,"href":"https:\/\/encuentroinformativo.com.mx\/index.php?rest_route=\/wp\/v2\/media\/29791"}],"wp:attachment":[{"href":"https:\/\/encuentroinformativo.com.mx\/index.php?rest_route=%2Fwp%2Fv2%2Fmedia&parent=29788"}],"wp:term":[{"taxonomy":"category","embeddable":true,"href":"https:\/\/encuentroinformativo.com.mx\/index.php?rest_route=%2Fwp%2Fv2%2Fcategories&post=29788"},{"taxonomy":"post_tag","embeddable":true,"href":"https:\/\/encuentroinformativo.com.mx\/index.php?rest_route=%2Fwp%2Fv2%2Ftags&post=29788"}],"curies":[{"name":"wp","href":"https:\/\/api.w.org\/{rel}","templated":true}]}}