{"id":298,"date":"2020-03-03T14:22:59","date_gmt":"2020-03-03T14:22:59","guid":{"rendered":"https:\/\/encuentroinformativodotcomdotmx.wordpress.com\/2020\/03\/03\/padres-a-favor-de-reforzar-medidas-de-prevencion-en-escuelas\/"},"modified":"2020-03-04T08:29:32","modified_gmt":"2020-03-04T08:29:32","slug":"padres-a-favor-de-reforzar-medidas-de-prevencion-en-escuelas","status":"publish","type":"post","link":"https:\/\/encuentroinformativo.com.mx\/?p=298","title":{"rendered":"Padres a favor de reforzar medidas de prevenci\u00f3n en escuelas"},"content":{"rendered":"\n<figure class=\"wp-block-image size-large\"><img loading=\"lazy\" decoding=\"async\" width=\"1600\" height=\"1200\" src=\"https:\/\/encuentroinformativo.com.mx\/wp-content\/uploads\/2020\/03\/ezy-watermark_03-03-2020_02-20-47p.m..jpg?w=1024\" alt=\"\" class=\"wp-image-297\" srcset=\"https:\/\/encuentroinformativo.com.mx\/wp-content\/uploads\/2020\/03\/ezy-watermark_03-03-2020_02-20-47p.m..jpg 1600w, https:\/\/encuentroinformativo.com.mx\/wp-content\/uploads\/2020\/03\/ezy-watermark_03-03-2020_02-20-47p.m.-300x225.jpg 300w, https:\/\/encuentroinformativo.com.mx\/wp-content\/uploads\/2020\/03\/ezy-watermark_03-03-2020_02-20-47p.m.-1024x768.jpg 1024w, https:\/\/encuentroinformativo.com.mx\/wp-content\/uploads\/2020\/03\/ezy-watermark_03-03-2020_02-20-47p.m.-768x576.jpg 768w, https:\/\/encuentroinformativo.com.mx\/wp-content\/uploads\/2020\/03\/ezy-watermark_03-03-2020_02-20-47p.m.-1536x1152.jpg 1536w, https:\/\/encuentroinformativo.com.mx\/wp-content\/uploads\/2020\/03\/ezy-watermark_03-03-2020_02-20-47p.m.-1200x900.jpg 1200w\" sizes=\"auto, (max-width: 1600px) 100vw, 1600px\" \/><\/figure>\n\n\n\n<p><strong>Juan Arcos<\/strong> <\/p>\n\n\n\n<p>Xalapa, Ver.- Madres y padres de familia se pronunciaron a favor de la recomendaci\u00f3n por parte de la Secretar\u00eda de Educaci\u00f3n P\u00fablica (SEP) para que los alumnos no acudan a las escuelas en caso de presentar alguno de los s\u00edntomas del coronavirus.<\/p>\n\n\n\n<p>Se trata de pap\u00e1s de la escuela primaria \u201cEnrique C. Rebsamen\u201d, ubicada sobre la calle Guti\u00e9rrez Zamora, en el centro de la ciudad.<\/p>\n\n\n\n<p>Las personas dijeron estar dispuestas a perder horas de trabajo para atender a sus hijos en caso de que tengan molestias similares a las de un resfriado.<\/p>\n\n\n\n<p>\u201cHay que tenerlos vigilados, ver si realmente es una gripe o si se est\u00e1 complicando, para llevarlo a los servicios de salud\u201d, opinan.<\/p>\n\n\n\n<p>En ese sentido, pidieron a las autoridades educativas que ejecuten un plan de estudio alternativo para los menores que tienen que quedarse en casa por dicha situaci\u00f3n.<\/p>\n\n\n\n<p>\u201cA penas vi esa nota que me comparti\u00f3 la maestra (sobre recomendaci\u00f3n de la SEV). S\u00ed lo creo necesario. Pero debe haber alternativas para darle un servicio especial a los alumnos, para que no se atrasen, no haya rezago\u201d.<\/p>\n\n\n\n<p>Lo anterior, con el prop\u00f3sito de evitar que los menores se atrasen en sus programas acad\u00e9micos.<\/p>\n\n\n\n<p>\u201cComo padres debemos ser responsables de buscar: a ver maestros m\u00e1ndenme el tema que van a trabajar hoy para trabajarlo en casa\u201d, comentan.<\/p>\n\n\n\n<p>Cabe destacar que padres de familia de la escuela primaria \u201cManuel de Boza\u201d indicaron que para permitir el ingreso de los estudiantes, primero ten\u00edan que limpiarse las manos con gel antibacterial.<\/p>\n","protected":false},"excerpt":{"rendered":"<p>Juan Arcos Xalapa, Ver.- Madres y padres de familia se pronunciaron a favor de la recomendaci\u00f3n por parte de la Secretar\u00eda de Educaci\u00f3n P\u00fablica (SEP) para que los alumnos no acudan a las escuelas en caso de presentar alguno de los s\u00edntomas del coronavirus. Se trata de pap\u00e1s de la escuela primaria \u201cEnrique C. Rebsamen\u201d, [&hellip;]<\/p>\n","protected":false},"author":1,"featured_media":297,"comment_status":"open","ping_status":"open","sticky":false,"template":"","format":"standard","meta":{"_jetpack_memberships_contains_paid_content":false,"footnotes":""},"categories":[9],"tags":[],"class_list":["post-298","post","type-post","status-publish","format-standard","has-post-thumbnail","hentry","category-salud"],"jetpack_featured_media_url":"https:\/\/encuentroinformativo.com.mx\/wp-content\/uploads\/2020\/03\/ezy-watermark_03-03-2020_02-20-47p.m..jpg","jetpack_sharing_enabled":true,"jetpack_likes_enabled":true,"amp_enabled":true,"_links":{"self":[{"href":"https:\/\/encuentroinformativo.com.mx\/index.php?rest_route=\/wp\/v2\/posts\/298","targetHints":{"allow":["GET"]}}],"collection":[{"href":"https:\/\/encuentroinformativo.com.mx\/index.php?rest_route=\/wp\/v2\/posts"}],"about":[{"href":"https:\/\/encuentroinformativo.com.mx\/index.php?rest_route=\/wp\/v2\/types\/post"}],"author":[{"embeddable":true,"href":"https:\/\/encuentroinformativo.com.mx\/index.php?rest_route=\/wp\/v2\/users\/1"}],"replies":[{"embeddable":true,"href":"https:\/\/encuentroinformativo.com.mx\/index.php?rest_route=%2Fwp%2Fv2%2Fcomments&post=298"}],"version-history":[{"count":1,"href":"https:\/\/encuentroinformativo.com.mx\/index.php?rest_route=\/wp\/v2\/posts\/298\/revisions"}],"predecessor-version":[{"id":358,"href":"https:\/\/encuentroinformativo.com.mx\/index.php?rest_route=\/wp\/v2\/posts\/298\/revisions\/358"}],"wp:featuredmedia":[{"embeddable":true,"href":"https:\/\/encuentroinformativo.com.mx\/index.php?rest_route=\/wp\/v2\/media\/297"}],"wp:attachment":[{"href":"https:\/\/encuentroinformativo.com.mx\/index.php?rest_route=%2Fwp%2Fv2%2Fmedia&parent=298"}],"wp:term":[{"taxonomy":"category","embeddable":true,"href":"https:\/\/encuentroinformativo.com.mx\/index.php?rest_route=%2Fwp%2Fv2%2Fcategories&post=298"},{"taxonomy":"post_tag","embeddable":true,"href":"https:\/\/encuentroinformativo.com.mx\/index.php?rest_route=%2Fwp%2Fv2%2Ftags&post=298"}],"curies":[{"name":"wp","href":"https:\/\/api.w.org\/{rel}","templated":true}]}}