{"id":29800,"date":"2022-07-25T14:18:08","date_gmt":"2022-07-25T19:18:08","guid":{"rendered":"https:\/\/encuentroinformativo.com.mx\/?p=29800"},"modified":"2022-07-25T14:18:12","modified_gmt":"2022-07-25T19:18:12","slug":"la-tia-justa-cierra-con-exito-la-feria-del-mango-medellin-2022","status":"publish","type":"post","link":"https:\/\/encuentroinformativo.com.mx\/?p=29800","title":{"rendered":"La T\u00eda Justa cierra con \u00e9xito la Feria del Mango Medell\u00edn 2022"},"content":{"rendered":"\n<p><strong>Alejandro \u00c1vila<\/strong><\/p>\n\n\n\n<p>Medell\u00edn de Bravo, Ver. El comediante cordob\u00e9s la T\u00eda Justa, cerr\u00f3 con \u00e9xito los eventos se llevaron a cabo durante la Feria del Mango en el municipio de Medell\u00edn de Bravo.<\/p>\n\n\n\n<p>En el \u00faltimo d\u00eda de actividades tambi\u00e9n se tuvo el baile Popular a cargo de Mario Polo y Piko Chulo; todos los eventos tuvieron la presencia del alcalde Marcos Isle\u00f1o Andrade, qui\u00e9n resalt\u00f3 el apoyo de las autoridades de seguridad estatal, las cu\u00e1les apoyaron en el operativo.<\/p>\n\n\n\n<p>A trav\u00e9s de sus redes sociales, el alcalde Marcos Isle\u00f1o mencion\u00f3 que, si bien este evento es considerado muy local, para esta edici\u00f3n se tuvo mucha afluencia de visitantes de municipios aleda\u00f1os, los cuales ayudaron a reactivar la econom\u00eda de Medell\u00edn.<\/p>\n\n\n\n<p>Finalmente para este cierre los habitantes de la localidad del Tejar tambi\u00e9n disfrutaron de una Feria de Inflables y en la explanada del Palacio Municipal los asistentes se divirtieron con juegos mec\u00e1nicos y degustaron la tradicional gastronom\u00eda medellinense.<\/p>\n","protected":false},"excerpt":{"rendered":"<p>Alejandro \u00c1vila Medell\u00edn de Bravo, Ver. El comediante cordob\u00e9s la T\u00eda Justa, cerr\u00f3 con \u00e9xito los eventos se llevaron a cabo durante la Feria del Mango en el municipio de Medell\u00edn de Bravo. En el \u00faltimo d\u00eda de actividades tambi\u00e9n se tuvo el baile Popular a cargo de Mario Polo y Piko Chulo; todos los [&hellip;]<\/p>\n","protected":false},"author":1,"featured_media":29801,"comment_status":"open","ping_status":"open","sticky":false,"template":"","format":"standard","meta":{"_jetpack_memberships_contains_paid_content":false,"footnotes":""},"categories":[2],"tags":[],"class_list":["post-29800","post","type-post","status-publish","format-standard","has-post-thumbnail","hentry","category-estado"],"jetpack_featured_media_url":"https:\/\/encuentroinformativo.com.mx\/wp-content\/uploads\/2022\/07\/75231E1C-2977-41B2-BA9C-EAA0D0F3F7B9.jpeg","jetpack_sharing_enabled":true,"jetpack_likes_enabled":true,"amp_enabled":true,"_links":{"self":[{"href":"https:\/\/encuentroinformativo.com.mx\/index.php?rest_route=\/wp\/v2\/posts\/29800","targetHints":{"allow":["GET"]}}],"collection":[{"href":"https:\/\/encuentroinformativo.com.mx\/index.php?rest_route=\/wp\/v2\/posts"}],"about":[{"href":"https:\/\/encuentroinformativo.com.mx\/index.php?rest_route=\/wp\/v2\/types\/post"}],"author":[{"embeddable":true,"href":"https:\/\/encuentroinformativo.com.mx\/index.php?rest_route=\/wp\/v2\/users\/1"}],"replies":[{"embeddable":true,"href":"https:\/\/encuentroinformativo.com.mx\/index.php?rest_route=%2Fwp%2Fv2%2Fcomments&post=29800"}],"version-history":[{"count":1,"href":"https:\/\/encuentroinformativo.com.mx\/index.php?rest_route=\/wp\/v2\/posts\/29800\/revisions"}],"predecessor-version":[{"id":29802,"href":"https:\/\/encuentroinformativo.com.mx\/index.php?rest_route=\/wp\/v2\/posts\/29800\/revisions\/29802"}],"wp:featuredmedia":[{"embeddable":true,"href":"https:\/\/encuentroinformativo.com.mx\/index.php?rest_route=\/wp\/v2\/media\/29801"}],"wp:attachment":[{"href":"https:\/\/encuentroinformativo.com.mx\/index.php?rest_route=%2Fwp%2Fv2%2Fmedia&parent=29800"}],"wp:term":[{"taxonomy":"category","embeddable":true,"href":"https:\/\/encuentroinformativo.com.mx\/index.php?rest_route=%2Fwp%2Fv2%2Fcategories&post=29800"},{"taxonomy":"post_tag","embeddable":true,"href":"https:\/\/encuentroinformativo.com.mx\/index.php?rest_route=%2Fwp%2Fv2%2Ftags&post=29800"}],"curies":[{"name":"wp","href":"https:\/\/api.w.org\/{rel}","templated":true}]}}