{"id":29815,"date":"2022-07-25T22:05:08","date_gmt":"2022-07-26T03:05:08","guid":{"rendered":"https:\/\/encuentroinformativo.com.mx\/?p=29815"},"modified":"2022-07-25T22:07:27","modified_gmt":"2022-07-26T03:07:27","slug":"presentan-a-exfiscal-jorge-n-ante-juez","status":"publish","type":"post","link":"https:\/\/encuentroinformativo.com.mx\/?p=29815","title":{"rendered":"Presentan a exfiscal Jorge \u201cN\u201d ante Juez"},"content":{"rendered":"\n<p><strong>Juan Arcos <\/strong><\/p>\n\n\n\n<p>Coatepec, Ver.- A las 20:26 horas, el exfiscal de Veracruz, Jorge \u201cN\u201d fue ingresado por polic\u00edas ministeriales al penal de Pacho Viejo, municipio de Coatepec, ubicado en la regi\u00f3n capital de Veracruz.<\/p>\n\n\n\n<p>La Fiscal\u00eda General del Estado (FGE), a cargo de Ver\u00f3nica Hern\u00e1ndez Giad\u00e1ns,&nbsp;confirm\u00f3 que el exabogado personal del exgobernador panista Miguel \u00c1ngel Yunes Linares fue detenido por fuerzas federales y estatales la ma\u00f1ana de este lunes 25 de julio en Puerto Escondido, estado de Oaxaca.<\/p>\n\n\n\n<p>Se implement\u00f3 un fuerte dispositivo de seguridad sobre la calle Vicente Guerrero, donde se encuentra el reclusorio, para ser presentado en audiencia inicial ante un juez de control del Decimoprimer Distrito Judicial de Xalapa.<\/p>\n\n\n\n<p>Se le acusa de los presuntos delitos de desaparici\u00f3n forzada y privaci\u00f3n ilegal de la libertad en su modalidad de secuestro, en agravio de un chofer del exfiscal general del estado, Luis \u00c1ngel Bravo Contreras, seg\u00fan la carpeta de investigaci\u00f3n 296\/2019.<\/p>\n\n\n\n<p>Jorge Winckler estuvo tres a\u00f1os pr\u00f3fugo de la justicia, luego de haber sido separado del cargo por el Congreso del Estado el 3 septiembre de 2019, presuntamente al no haber acreditado los ex\u00e1menes de control y confianza.<\/p>\n\n\n\n<p>En el operativo para su captura participaron elementos de la Secretar\u00eda de la Defensa Nacional (Sedena), Centro Nacional de Inteligencia (CNI), Coordinaci\u00f3n Nacional Antisecuestros (Conase), de la Secretar\u00eda de Seguridad y Protecci\u00f3n Ciudadana y de la Polic\u00eda Ministerial de Veracruz.<\/p>\n\n\n\n<p><strong>ACUSAN PERSECUCI\u00d3N POL\u00cdTICA&nbsp;<\/strong><\/p>\n\n\n\n<p>El dirigente estatal del Partido Acci\u00f3n Nacional (PAN), Federico Salom\u00f3n Molina, y legisladores panistas consideraron que la detenci\u00f3n de Jorge Winckler es un caso m\u00e1s de persecuci\u00f3n pol\u00edtica por parte del gobierno de Veracruz.<\/p>\n\n\n\n<p>Tambi\u00e9n mencionaron que el exfiscal general fue destituido de manera ilegal, arbitraria y sin apego a Derecho, mediante un Acuerdo de la Junta de Coordinaci\u00f3n Pol\u00edtica del Congreso del Estado de Veracruz, el cual fue avalado por la Diputaci\u00f3n Permanente, pues el Congreso Local se encontraba en receso.<\/p>\n\n\n\n<p>\u201cEste procedimiento, a todas luces ilegal, fue aprobado por la mayor\u00eda de la bancada de Morena, violando lo dispuesto por los art\u00edculos 33 y 67 de la Constituci\u00f3n Pol\u00edtica del Estado de Veracruz\u201d, plasmaron en un comunicado.<\/p>\n\n\n\n<p>Opinaron que se trata de una persecuci\u00f3n pol\u00edtica en contra del exfiscal, pues el Gobierno del Estado tambi\u00e9n ha encarcelado los pol\u00edticos Rogelio Franco Cast\u00e1n, Tito Delf\u00edn, Jos\u00e9 Manuel del R\u00edo y Bernardo Segura.<\/p>\n\n\n\n<p>\u201cLo peor es que hay much\u00edsimos casos m\u00e1s que dan cuenta de las detenciones arbitrarias e ilegales por parte de la Fiscal\u00eda General del Estado. Este Gobierno se ha caracterizado por tener m\u00e1s casos de persecuci\u00f3n pol\u00edtica que logros para las y los veracruzanos. Exigimos al Gobierno de Veracruz llevar a cabo un proceso conforme a Derecho, as\u00ed como un trato justo y digno apegado a la Constituci\u00f3n, las leyes y los Tratados Internacionales. Desde Acci\u00f3n Nacional estaremos vigilando de manera continua y permanente el proceso de Jorge Winckler Ortiz\u201d, increparon.<\/p>\n","protected":false},"excerpt":{"rendered":"<p>Juan Arcos Coatepec, Ver.- A las 20:26 horas, el exfiscal de Veracruz, Jorge \u201cN\u201d fue ingresado por polic\u00edas ministeriales al penal de Pacho Viejo, municipio de Coatepec, ubicado en la regi\u00f3n capital de Veracruz. La Fiscal\u00eda General del Estado (FGE), a cargo de Ver\u00f3nica Hern\u00e1ndez Giad\u00e1ns,&nbsp;confirm\u00f3 que el exabogado personal del exgobernador panista Miguel \u00c1ngel [&hellip;]<\/p>\n","protected":false},"author":1,"featured_media":29816,"comment_status":"open","ping_status":"open","sticky":false,"template":"","format":"standard","meta":{"_jetpack_memberships_contains_paid_content":false,"footnotes":""},"categories":[2],"tags":[],"class_list":["post-29815","post","type-post","status-publish","format-standard","has-post-thumbnail","hentry","category-estado"],"jetpack_featured_media_url":"https:\/\/encuentroinformativo.com.mx\/wp-content\/uploads\/2022\/07\/24503242-58C4-4E0B-988A-A43AE0F212A9.jpeg","jetpack_sharing_enabled":true,"jetpack_likes_enabled":true,"amp_enabled":true,"_links":{"self":[{"href":"https:\/\/encuentroinformativo.com.mx\/index.php?rest_route=\/wp\/v2\/posts\/29815","targetHints":{"allow":["GET"]}}],"collection":[{"href":"https:\/\/encuentroinformativo.com.mx\/index.php?rest_route=\/wp\/v2\/posts"}],"about":[{"href":"https:\/\/encuentroinformativo.com.mx\/index.php?rest_route=\/wp\/v2\/types\/post"}],"author":[{"embeddable":true,"href":"https:\/\/encuentroinformativo.com.mx\/index.php?rest_route=\/wp\/v2\/users\/1"}],"replies":[{"embeddable":true,"href":"https:\/\/encuentroinformativo.com.mx\/index.php?rest_route=%2Fwp%2Fv2%2Fcomments&post=29815"}],"version-history":[{"count":2,"href":"https:\/\/encuentroinformativo.com.mx\/index.php?rest_route=\/wp\/v2\/posts\/29815\/revisions"}],"predecessor-version":[{"id":29818,"href":"https:\/\/encuentroinformativo.com.mx\/index.php?rest_route=\/wp\/v2\/posts\/29815\/revisions\/29818"}],"wp:featuredmedia":[{"embeddable":true,"href":"https:\/\/encuentroinformativo.com.mx\/index.php?rest_route=\/wp\/v2\/media\/29816"}],"wp:attachment":[{"href":"https:\/\/encuentroinformativo.com.mx\/index.php?rest_route=%2Fwp%2Fv2%2Fmedia&parent=29815"}],"wp:term":[{"taxonomy":"category","embeddable":true,"href":"https:\/\/encuentroinformativo.com.mx\/index.php?rest_route=%2Fwp%2Fv2%2Fcategories&post=29815"},{"taxonomy":"post_tag","embeddable":true,"href":"https:\/\/encuentroinformativo.com.mx\/index.php?rest_route=%2Fwp%2Fv2%2Ftags&post=29815"}],"curies":[{"name":"wp","href":"https:\/\/api.w.org\/{rel}","templated":true}]}}