{"id":29819,"date":"2022-07-26T10:19:25","date_gmt":"2022-07-26T15:19:25","guid":{"rendered":"https:\/\/encuentroinformativo.com.mx\/?p=29819"},"modified":"2022-07-26T10:19:28","modified_gmt":"2022-07-26T15:19:28","slug":"y-cayo-el-verduritas","status":"publish","type":"post","link":"https:\/\/encuentroinformativo.com.mx\/?p=29819","title":{"rendered":"Y CAY\u00d3 &#8220;EL VERDURITAS\u201d"},"content":{"rendered":"\n<p><strong>ColumnaSinNombre<br>@pablojair<\/strong><\/p>\n\n\n\n<ul class=\"wp-block-list\"><li>Que Marcos Even en una de esas escapa a Cuba.<\/li><li>No le hizo caso a los consejos de Don Alfonso.<\/li><li>Cul\u00edn y Flavino le dedican l\u00edneas a Winckler.<\/li><\/ul>\n\n\n\n<p>El Fiscal Verduritas tendr\u00e1 muchos domingos<br>para hacer paella a sus amiguitos en el penal.<br>Le van a sobrar pinches.<br>\u2014Chopenjawer<\/p>\n\n\n\n<p>D\u00edas antes de que Javier Duarte saliera huyendo del gobierno y del pa\u00eds, encabez\u00f3 una reuni\u00f3n \u201csecreta\u201d en un b\u00fanker que el gobernador ten\u00eda en el aeropuerto de Xalapa, conocido como &#8220;El Lencero\u201d.<\/p>\n\n\n\n<p>Duarte le dec\u00eda a su amigo Luis \u00c1ngel Bravo Contreras, nombrado recientemente como Fiscal General del Estado, que cuidara mucho el helic\u00f3ptero que se le hab\u00eda donado (uno color rojo, sino mal recuerdo, tipo ejecutivo, que d\u00edas antes le entreg\u00f3 el Gobierno de Veracruz) y que con la llegada de Miguel \u00c1ngel Yunes Linares al poder vigilara hasta cuando le pon\u00edan combustible, &#8220;porque capaz estos cabrones te ponen az\u00facar en el tanque&#8221;.<\/p>\n\n\n\n<p>La idea, seg\u00fan Duarte, era dejar a Luis \u00c1ngel por al menos 9 a\u00f1os como Fiscal como lo marcaba la Constituci\u00f3n recientemente reformada para crear dicha figura (antes era Procurador de Justicia). En teor\u00eda \u2014m\u00e1s bien falacia\u2014 supuestamente le brindar\u00eda protecci\u00f3n al saliente exgobernador, ya que su cargo era inamovible.<\/p>\n\n\n\n<p>Pero Bravo Contreras no se complic\u00f3 cuando se dio la transici\u00f3n y entendi\u00f3 que los tiempos eran distintos: el PRI hab\u00eda perdido el poder y llegaba una nueva clase pol\u00edtica en la que no ten\u00eda cabida. A los pocos d\u00edas que lleg\u00f3 Yunes Linares al Palacio de Gobierno, Bravo Contreras ofreci\u00f3 su renuncia de la Fiscal\u00eda, que se concretar\u00eda a finales de diciembre de 2016. Seg\u00fan versiones, hab\u00eda ofrecido entregar el cargo a cambio de que no se le persiguiera.<\/p>\n\n\n\n<p>Pero todos los que han hecho tratos con los Yunes saben que ellos ven por sus intereses y para ellos es muy f\u00e1cil romper pactos y acuerdos. La verdad, muchos incautos ingenuos han ca\u00eddo en esta circunstancia.<\/p>\n\n\n\n<p>A Bravo Contreras, por ejemplo, lo detuvieron en junio de 2018 buscando dar un impulso a la campa\u00f1a de Miguel \u00c1ngel Yunes M\u00e1rquez, el hijo del exgobernador, quien por esas fechas ya sab\u00eda que no la ten\u00eda f\u00e1cil para ganar la gubernatura por el efecto L\u00f3pez Obrador que arras\u00f3 en las elecciones de ese a\u00f1o.<\/p>\n\n\n\n<p>De hecho, la t\u00f3nica del mini-gobierno de Yunes Linares (y creo que su principal error) fue una persecuci\u00f3n medi\u00e1tica y excesiva contra exfuncionarios del gobierno anterior; esto, como una forma de legitimarse \u201cllevando\u201d ante la \u201cjusticia\u201d a quienes consideraba enemigos del pueblo de Veracruz. Si bien algunos deb\u00edan responder ante la justicia \u2014especialmente por el vistoso enriquecimiento\u2014 hubo casos como el del exsecretario de Salud, Juan Antonio Nemi Dib, quien fue detenido injustamente, con lujo de violencia y aplic\u00e1ndole tortura para que declarara en contra de Karime Mac\u00edas, la esposa de Duarte.<\/p>\n\n\n\n<p>Y el operador de todo fue el prepotente Jorge Winckler como fiscal general del estado; con lealtad canina, cumpli\u00f3 con todos los protocolos para la detenci\u00f3n de quienes eran los objetivos pol\u00edticos prioritarios para su jefe, el gobernador. Se utilizaron recursos, elementos, rudeza innecesaria, intimidaci\u00f3n; haga de cuenta el viejo estilo de la guerra sucia.<\/p>\n\n\n\n<p>Tampoco debe olvidarse que un m\u00e9todo siempre deleznable fue el de meterse con las familias cuando le dec\u00edan a los detenidos que les har\u00edan da\u00f1o o los joder\u00edan si no cooperaban. Otra de las formas favoritas de \u201chacer justicia\u201d a la Yunes\/Winckler era exhibir a los detenidos ante la prensa, violando abiertamente el debido proceso.<\/p>\n\n\n\n<p>Pero todo se les derrumb\u00f3: perdieron la gubernatura de Veracruz y el castillo de sue\u00f1os se les vino abajo. El proyecto de 14 a\u00f1os gobernando papi, Miguelito y Fernandito vali\u00f3 \u201ctopi\u201d.<\/p>\n\n\n\n<p>Desde ah\u00ed Winckler comenz\u00f3 a entramparse, pues a diferencia de su antecesor que ley\u00f3 los tiempos pol\u00edticos nuevos, el todav\u00eda fiscal se negaba a dejar el cargo a sabiendas de que era el \u201capestado\u201d en el gobierno morenista; que nunca habr\u00eda confianza en \u00e9l y que su presencia s\u00f3lo estorbaba. No est\u00e1 claro si realmente fue por iniciativa de \u00e9l o por \u00f3rdenes de su jefe Yunes, pero segu\u00eda con la actitud soberbia de mantenerse en el cargo desafiando a la 4T.<\/p>\n\n\n\n<p>Con una arrogancia infantil, y dada su afici\u00f3n a las redes sociales, no fueron pocas las veces que se burl\u00f3 del nuevo gobierno. Winckler as\u00ed estuvo un rato, casi un a\u00f1o, como fiscal en el gobierno de Cuitl\u00e1huac Garc\u00eda y hasta incluso fue convocado a una conferencia de prensa donde se le enga\u00f1\u00f3 que ya estaba siendo \u201caceptado\u201d por la nueva administraci\u00f3n.<\/p>\n\n\n\n<p>No obstante, Winckler ten\u00eda los d\u00edas contados; todos lo sab\u00edan, menos \u00e9l.<\/p>\n\n\n\n<p>Fue el 3 de septiembre de 2019 cuando Winckler fue removido temporalmente como fiscal general con el argumento de que no hab\u00eda cumplido con ex\u00e1menes de confianza; el acto lo realiz\u00f3 la diputaci\u00f3n permanente del Congreso del Estado y desde esas fechas Winckler desapareci\u00f3 del mapa. Ese mismo d\u00eda, llegaba Ver\u00f3nica Hern\u00e1ndez Giad\u00e1ns a las oficinas de la FGE para tomar posesi\u00f3n como encargada de despacho, pese a la renuencia de empleados winckleristas que se negaban a creer lo que hab\u00eda ocurrido. Ese d\u00eda, el inmueble se convirti\u00f3 en un lugar altamente vigilado por elementos de Seguridad P\u00fablica, ante la arremetida de huestes yunistas por querer tomar a la fuerza la Fiscal\u00eda\u2026 pero se la pelaron.<\/p>\n\n\n\n<p>Meses despu\u00e9s, en marzo de 2020, se oficializ\u00f3 su salida por el pleno.<\/p>\n\n\n\n<p>Una se\u00f1al de que segu\u00eda insistiendo en una soberbia in\u00fatil, es que Winckler busc\u00f3 a trav\u00e9s de la justicia federal un amparo para ser reinstalado en el cargo como Fiscal General. Bastante risible, tan pat\u00e9tico, que el Tribunal Colegiado desech\u00f3 la propuesta.<\/p>\n\n\n\n<p>Fue este lunes por la ma\u00f1ana cuando se supo de su detenci\u00f3n en Puerto Escondido, Oaxaca, cuando andaba haciendo ejercicio. Cerca de las 20:23 horas, una vistosa caravana compuesta por elementos del Ej\u00e9rcito, Ministeriales Federales y la Guardia Nacional lleg\u00f3 al famoso penal de Pacho Viejo con el detenido.<\/p>\n\n\n\n<p>Jorge \u201cN\u201d entraba a los juzgados en medio de una multitud de fot\u00f3grafos y polic\u00edas que hicieron valla. No se vio al arrogante fiscal obediente al gobernador Yunes; s\u00f3lo un tipo que nunca levant\u00f3 la mirada (como los cobardes) y se escond\u00eda entre las telas de la chamarra y la cachucha que llevaba. Un polic\u00eda lo agarr\u00f3 de la nuca y as\u00ed lo llev\u00f3 hasta el cuarto de imputados. Iba en bermudas y tenis deportivos.<\/p>\n\n\n\n<p>En esta columna &#8211;su favorita&#8211; en pasadas ediciones escrib\u00ed que Winckler se convertir\u00eda en moneda de cambio; que su excesiva confianza en sus protectores s\u00f3lo era una trampa, pues estos lo pod\u00edan entregar en el momento que as\u00ed les convendr\u00eda. Hoy el rumor que m\u00e1s se oye es que fueron los Yunes quienes entregaron a su ex fiscal o sencillamente lo dejaron de proteger; tal vez por eso dicen que Winckler espet\u00f3 cuando lo detuvieron \u201cYo no me voy a ir solo en esto\u201d.<\/p>\n\n\n\n<p>Quiz\u00e1s Winckler nunca se dio cuenta que ya estaba solo. Que sus antiguos protectores tienen otros intereses donde \u00e9l sale sobrando.<\/p>\n\n\n\n<p>De hecho, se puede decir que el exfiscal se sent\u00eda como parte de la familia; un hijo putativo adoptado por Yunes Linares. Un cari\u00f1o enfermizo que lo llev\u00f3 a la situaci\u00f3n actual.<\/p>\n\n\n\n<p>Y es que Winckler desplaz\u00f3 a mucha gente pensante que por a\u00f1os estuvo al lado de Yunes Linares e incluso le frenaban los \u00edmpetus en situaciones que podr\u00edan extralimitarse y tener consecuencias. El joven abogado era todo lo contrario: sencillamente obedec\u00eda, brincaba, rodaba, levantaba la patita, se hac\u00eda el muerto o se hincaba de rodillas cuando se le pidiera.<\/p>\n\n\n\n<p>En este sentido, sentado en su celda fr\u00eda, el exfiscal tendr\u00e1 largas madrugadas meditando y llegar\u00e1 a la \u00fanica conclusi\u00f3n: si est\u00e1 en el bote, es por estarle siguiendo el juego a los Yunes.<\/p>\n\n\n\n<p>El mismo Winckler tuiteaba el 27 de septiembre de 2018: \u201cNi perd\u00f3n, Ni olvido, queremos y daremos Justicia a #Veracruz. Le duela a quien le duela\u201d.<\/p>\n\n\n\n<p>De acuerdo, mi Yorch. Le duela a quien le duela. Chille quien chille. L\u00e1stima de los terrenos comprados en Yucat\u00e1n.<\/p>\n\n\n\n<p><strong>NOTA PARA PEGAR EN EL REFRI:<\/strong> Dicen que van a estar revisando de manera met\u00f3dica las caravanas migrantes; no vaya a ser que el \u201cpel\u00f3n\u201d Marcos Even (el gur\u00fa de Winckler, tambi\u00e9n pr\u00f3fugo de la justicia) se quiera hacer pasar por cubano o haitiano, lo detengan y lo deporten a alguna isla del Caribe.<\/p>\n\n\n\n<p><strong>OTRA NOTA: <\/strong>Alguna vez Yunes Linares, siendo gobernador, se sent\u00f3 con el legendario jefe policiaco Alfonso Lara Montero, en el emblem\u00e1tico caf\u00e9 de La Parroquia. Ah\u00ed, el comandante en jefe de los polic\u00edas estatales, dio algunos consejos al fiscal Winckler, presente en la mesa junto al secre de Seguridad, T\u00e9llez Mari\u00e9, y el secre de Gobierno, Rogelio Franco\u2026 Palabras m\u00e1s, palabras menos, le dec\u00eda al \u201cVerduritas\u201d: Siempre respeta la investidura\u2026 Est\u00e1s muy joven y debes aprender mucho\u2026 No todo es golpear por golpear\u2026 Los carniceros de hoy ser\u00e1n las reses del ma\u00f1ana: recu\u00e9rdalo siempre, Jorge\u2026<\/p>\n\n\n\n<p><strong>LA \u00daLTIMA PORQUE ME DUELEN HARTO LAS PATAS:<\/strong> Fueron Luis \u00c1ngel Bravo y el exgobernador interino Flavino R\u00edos Alvarado quienes le dedicaron sendas l\u00edneas en Twitter al hoy preso de Pacho Viejo. El exfiscal le public\u00f3: \u201cJusticia Divina. No hay plazo que no se cumpla. Con la vara que midas ser\u00e1s medido\u201d. Por su parte, R\u00edos Alvarado puso: \u201cAl que act\u00faa mal, siempre le va mal, quiero ver si Wincler (sic), mantendr\u00e1 la sonrisa en las audiencias en Pacho Viejo, como cuando fabricaba delitos, para congraciarse con su jefe, otro delincuente, el Karma siempre los alcanza, reconozco el trabajo de la Fiscal\u00eda\u201d.<\/p>\n","protected":false},"excerpt":{"rendered":"<p>ColumnaSinNombre@pablojair Que Marcos Even en una de esas escapa a Cuba. No le hizo caso a los consejos de Don Alfonso. Cul\u00edn y Flavino le dedican l\u00edneas a Winckler. El Fiscal Verduritas tendr\u00e1 muchos domingospara hacer paella a sus amiguitos en el penal.Le van a sobrar pinches.\u2014Chopenjawer D\u00edas antes de que Javier Duarte saliera huyendo [&hellip;]<\/p>\n","protected":false},"author":1,"featured_media":488,"comment_status":"open","ping_status":"open","sticky":false,"template":"","format":"standard","meta":{"_jetpack_memberships_contains_paid_content":false,"footnotes":""},"categories":[11],"tags":[],"class_list":["post-29819","post","type-post","status-publish","format-standard","has-post-thumbnail","hentry","category-opinion"],"jetpack_featured_media_url":"https:\/\/encuentroinformativo.com.mx\/wp-content\/uploads\/2020\/03\/F471F608-BA1A-416B-BA7B-BCFB24F4E6D0.jpeg","jetpack_sharing_enabled":true,"jetpack_likes_enabled":true,"amp_enabled":true,"_links":{"self":[{"href":"https:\/\/encuentroinformativo.com.mx\/index.php?rest_route=\/wp\/v2\/posts\/29819","targetHints":{"allow":["GET"]}}],"collection":[{"href":"https:\/\/encuentroinformativo.com.mx\/index.php?rest_route=\/wp\/v2\/posts"}],"about":[{"href":"https:\/\/encuentroinformativo.com.mx\/index.php?rest_route=\/wp\/v2\/types\/post"}],"author":[{"embeddable":true,"href":"https:\/\/encuentroinformativo.com.mx\/index.php?rest_route=\/wp\/v2\/users\/1"}],"replies":[{"embeddable":true,"href":"https:\/\/encuentroinformativo.com.mx\/index.php?rest_route=%2Fwp%2Fv2%2Fcomments&post=29819"}],"version-history":[{"count":1,"href":"https:\/\/encuentroinformativo.com.mx\/index.php?rest_route=\/wp\/v2\/posts\/29819\/revisions"}],"predecessor-version":[{"id":29820,"href":"https:\/\/encuentroinformativo.com.mx\/index.php?rest_route=\/wp\/v2\/posts\/29819\/revisions\/29820"}],"wp:featuredmedia":[{"embeddable":true,"href":"https:\/\/encuentroinformativo.com.mx\/index.php?rest_route=\/wp\/v2\/media\/488"}],"wp:attachment":[{"href":"https:\/\/encuentroinformativo.com.mx\/index.php?rest_route=%2Fwp%2Fv2%2Fmedia&parent=29819"}],"wp:term":[{"taxonomy":"category","embeddable":true,"href":"https:\/\/encuentroinformativo.com.mx\/index.php?rest_route=%2Fwp%2Fv2%2Fcategories&post=29819"},{"taxonomy":"post_tag","embeddable":true,"href":"https:\/\/encuentroinformativo.com.mx\/index.php?rest_route=%2Fwp%2Fv2%2Ftags&post=29819"}],"curies":[{"name":"wp","href":"https:\/\/api.w.org\/{rel}","templated":true}]}}