{"id":2982,"date":"2020-06-01T18:49:40","date_gmt":"2020-06-01T23:49:40","guid":{"rendered":"https:\/\/encuentroinformativo.com\/?p=2982"},"modified":"2020-06-01T18:49:48","modified_gmt":"2020-06-01T23:49:48","slug":"mantienen-acciones-de-sanitizacion-en-mercados","status":"publish","type":"post","link":"https:\/\/encuentroinformativo.com.mx\/?p=2982","title":{"rendered":"Mantienen acciones de sanitizaci\u00f3n en mercados"},"content":{"rendered":"\n<p><strong>Juan Arcos <\/strong><\/p>\n\n\n\n<p>Xalapa, Ver.- Los trabajos de sanitizaci\u00f3n contin\u00faan llev\u00e1ndose a cabo en el mercado Los Sauces para evitar contagios de COVID-19.<\/p>\n\n\n\n<p>As\u00ed lo dio a conocer el administrador de este sitio comercial, Sotero Arellano Apodaca, quien adem\u00e1s record\u00f3 que el pasado 23 de abril se llev\u00f3 a cabo la limpieza general de los pasillos y al d\u00eda siguiente la sanitizaci\u00f3n.<\/p>\n\n\n\n<p>En los operativos de limpieza ha participado personal de Protecci\u00f3n Civil, Salud y los mismos vendedores.<\/p>\n\n\n\n<p>El mercado se encuentra entre las calles \u00darsulo Galv\u00e1n, Hermenegildo Galeana y 7 de noviembre, en la zona centro de la capital veracruzana.<\/p>\n\n\n\n<p>All\u00ed solo funciona una puerta como entrada y salida para los clientes, con la finalidad de evitar aglomeraciones.<\/p>\n\n\n\n<p>Adem\u00e1s, los comerciantes usan cubrebocas y tienen gel antibacterial en sus locales.<\/p>\n\n\n\n<p>Durante los \u00faltimos d\u00edas de mayo continuaron los trabajos de sanitizaci\u00f3n para garantizar la seguridad de los<\/p>\n\n\n\n<p>Cabe recordar que de los 128 locales que hay en el mercado solo permanecen abiertos unos 60, al considerarse negocios esenciales.<\/p>\n\n\n\n<p>Se trata principalmente de negocios de comida, poller\u00edas, carnicer\u00edas y verduler\u00edas.<\/p>\n\n\n\n<p><\/p>\n","protected":false},"excerpt":{"rendered":"<p>Juan Arcos Xalapa, Ver.- Los trabajos de sanitizaci\u00f3n contin\u00faan llev\u00e1ndose a cabo en el mercado Los Sauces para evitar contagios de COVID-19. As\u00ed lo dio a conocer el administrador de este sitio comercial, Sotero Arellano Apodaca, quien adem\u00e1s record\u00f3 que el pasado 23 de abril se llev\u00f3 a cabo la limpieza general de los pasillos [&hellip;]<\/p>\n","protected":false},"author":1,"featured_media":2981,"comment_status":"open","ping_status":"open","sticky":false,"template":"","format":"standard","meta":{"_jetpack_memberships_contains_paid_content":false,"footnotes":""},"categories":[3],"tags":[],"class_list":["post-2982","post","type-post","status-publish","format-standard","has-post-thumbnail","hentry","category-xalapa"],"jetpack_featured_media_url":"https:\/\/encuentroinformativo.com.mx\/wp-content\/uploads\/2020\/06\/7E21ED10-E316-4DCB-B566-4A93DEDD8697.jpeg","jetpack_sharing_enabled":true,"jetpack_likes_enabled":true,"amp_enabled":true,"_links":{"self":[{"href":"https:\/\/encuentroinformativo.com.mx\/index.php?rest_route=\/wp\/v2\/posts\/2982","targetHints":{"allow":["GET"]}}],"collection":[{"href":"https:\/\/encuentroinformativo.com.mx\/index.php?rest_route=\/wp\/v2\/posts"}],"about":[{"href":"https:\/\/encuentroinformativo.com.mx\/index.php?rest_route=\/wp\/v2\/types\/post"}],"author":[{"embeddable":true,"href":"https:\/\/encuentroinformativo.com.mx\/index.php?rest_route=\/wp\/v2\/users\/1"}],"replies":[{"embeddable":true,"href":"https:\/\/encuentroinformativo.com.mx\/index.php?rest_route=%2Fwp%2Fv2%2Fcomments&post=2982"}],"version-history":[{"count":1,"href":"https:\/\/encuentroinformativo.com.mx\/index.php?rest_route=\/wp\/v2\/posts\/2982\/revisions"}],"predecessor-version":[{"id":2983,"href":"https:\/\/encuentroinformativo.com.mx\/index.php?rest_route=\/wp\/v2\/posts\/2982\/revisions\/2983"}],"wp:featuredmedia":[{"embeddable":true,"href":"https:\/\/encuentroinformativo.com.mx\/index.php?rest_route=\/wp\/v2\/media\/2981"}],"wp:attachment":[{"href":"https:\/\/encuentroinformativo.com.mx\/index.php?rest_route=%2Fwp%2Fv2%2Fmedia&parent=2982"}],"wp:term":[{"taxonomy":"category","embeddable":true,"href":"https:\/\/encuentroinformativo.com.mx\/index.php?rest_route=%2Fwp%2Fv2%2Fcategories&post=2982"},{"taxonomy":"post_tag","embeddable":true,"href":"https:\/\/encuentroinformativo.com.mx\/index.php?rest_route=%2Fwp%2Fv2%2Ftags&post=2982"}],"curies":[{"name":"wp","href":"https:\/\/api.w.org\/{rel}","templated":true}]}}