{"id":29829,"date":"2022-07-26T14:42:12","date_gmt":"2022-07-26T19:42:12","guid":{"rendered":"https:\/\/encuentroinformativo.com.mx\/?p=29829"},"modified":"2022-07-26T14:42:16","modified_gmt":"2022-07-26T19:42:16","slug":"lanzan-convocatoria-para-proyectos-de-fomento-ambiental","status":"publish","type":"post","link":"https:\/\/encuentroinformativo.com.mx\/?p=29829","title":{"rendered":"Lanzan convocatoria para proyectos de Fomento Ambiental"},"content":{"rendered":"\n<p><strong>Juan Arcos<\/strong><\/p>\n\n\n\n<p>Xalapa, Ver.- La Secretar\u00eda de Medio Ambiente (Sedema) lanz\u00f3 la convocatoria de proyectos para el Fomento Ambiental que sustituye al extinto Fondo Ambiental Veracruzano.<\/p>\n\n\n\n<p>La dependencia contar\u00e1 con 10 millones de pesos para su aplicaci\u00f3n.<\/p>\n\n\n\n<p>De acuerdo con el titular de Sedema, Juan Carlos Contreras Bautista, se trata de un fondo no recuperable por hasta 500 mil pesos a cada uno de los participantes, dinero que ser\u00e1 otorgado en dos partes.<\/p>\n\n\n\n<p>Se cuenta con un presupuesto estatal para la implementaci\u00f3n de los proyectos que contribuyan al rescate y recuperaci\u00f3n de espacios naturales en la entidad.<\/p>\n\n\n\n<p>\u201cEs para poder incidir en algunas problem\u00e1ticas ambientales o para hacer acciones de recuperaci\u00f3n o conservaci\u00f3n de \u00e1reas naturales, puede ser cualquier reserva, cuerpos de agua, aquellos proyectos que impacten de manera ambiental\u201d, expres\u00f3 el funcionario estatal.<\/p>\n\n\n\n<p>La convocatoria cerrar\u00e1 el pr\u00f3ximo 8 de agosto y pueden participar ayuntamientos, universidades, preparatorias y personas f\u00edsicas, con proyectos para la conservaci\u00f3n de viveros, humedales, r\u00edos, entre otros.\u00a0<br>Contreras Bautista indic\u00f3 que el Instituto Tecnol\u00f3gico Superior de Perote presentar\u00e1 un proyecto para poner en marcha la operaci\u00f3n de diez viveros en el mismo n\u00famero de municipios de la regi\u00f3n.<\/p>\n\n\n\n<p>\u201cHay otro municipio que quiere hacer limpieza en una laguna invadida de lirio, por ejemplo, son algunas intenciones de participar que nos hemos enterado. Est\u00e1 abierta la convocatoria, los mejores proyectos son los que ser\u00e1n apoyados con este fondo no recuperable\u201d, a\u00f1adi\u00f3.<\/p>\n\n\n\n<p>En caso de que sea aprobado un proyecto, ser\u00edan entregados 250 mil pesos y, despu\u00e9s de las verificaciones para constatar su avance, ser\u00edan proporcionados los otros 250 mil pesos.<\/p>\n\n\n\n<p>\u201cSe supervisa y luego se entrega la segunda ministraci\u00f3n para comprobar que se est\u00e1 aplicando ese recurso. Esta es la primera convocatoria. Con el fondo ambiental veracruzano se dio en una o dos ocasiones (que el recurso no fuera aplicado)\u201d, remat\u00f3.<\/p>\n","protected":false},"excerpt":{"rendered":"<p>Juan Arcos Xalapa, Ver.- La Secretar\u00eda de Medio Ambiente (Sedema) lanz\u00f3 la convocatoria de proyectos para el Fomento Ambiental que sustituye al extinto Fondo Ambiental Veracruzano. La dependencia contar\u00e1 con 10 millones de pesos para su aplicaci\u00f3n. De acuerdo con el titular de Sedema, Juan Carlos Contreras Bautista, se trata de un fondo no recuperable [&hellip;]<\/p>\n","protected":false},"author":1,"featured_media":29830,"comment_status":"open","ping_status":"open","sticky":false,"template":"","format":"standard","meta":{"_jetpack_memberships_contains_paid_content":false,"footnotes":""},"categories":[2],"tags":[],"class_list":["post-29829","post","type-post","status-publish","format-standard","has-post-thumbnail","hentry","category-estado"],"jetpack_featured_media_url":"https:\/\/encuentroinformativo.com.mx\/wp-content\/uploads\/2022\/07\/115F2979-B0A9-477D-82F5-B05405D6613A.jpeg","jetpack_sharing_enabled":true,"jetpack_likes_enabled":true,"amp_enabled":true,"_links":{"self":[{"href":"https:\/\/encuentroinformativo.com.mx\/index.php?rest_route=\/wp\/v2\/posts\/29829","targetHints":{"allow":["GET"]}}],"collection":[{"href":"https:\/\/encuentroinformativo.com.mx\/index.php?rest_route=\/wp\/v2\/posts"}],"about":[{"href":"https:\/\/encuentroinformativo.com.mx\/index.php?rest_route=\/wp\/v2\/types\/post"}],"author":[{"embeddable":true,"href":"https:\/\/encuentroinformativo.com.mx\/index.php?rest_route=\/wp\/v2\/users\/1"}],"replies":[{"embeddable":true,"href":"https:\/\/encuentroinformativo.com.mx\/index.php?rest_route=%2Fwp%2Fv2%2Fcomments&post=29829"}],"version-history":[{"count":1,"href":"https:\/\/encuentroinformativo.com.mx\/index.php?rest_route=\/wp\/v2\/posts\/29829\/revisions"}],"predecessor-version":[{"id":29831,"href":"https:\/\/encuentroinformativo.com.mx\/index.php?rest_route=\/wp\/v2\/posts\/29829\/revisions\/29831"}],"wp:featuredmedia":[{"embeddable":true,"href":"https:\/\/encuentroinformativo.com.mx\/index.php?rest_route=\/wp\/v2\/media\/29830"}],"wp:attachment":[{"href":"https:\/\/encuentroinformativo.com.mx\/index.php?rest_route=%2Fwp%2Fv2%2Fmedia&parent=29829"}],"wp:term":[{"taxonomy":"category","embeddable":true,"href":"https:\/\/encuentroinformativo.com.mx\/index.php?rest_route=%2Fwp%2Fv2%2Fcategories&post=29829"},{"taxonomy":"post_tag","embeddable":true,"href":"https:\/\/encuentroinformativo.com.mx\/index.php?rest_route=%2Fwp%2Fv2%2Ftags&post=29829"}],"curies":[{"name":"wp","href":"https:\/\/api.w.org\/{rel}","templated":true}]}}