{"id":29832,"date":"2022-07-26T14:47:39","date_gmt":"2022-07-26T19:47:39","guid":{"rendered":"https:\/\/encuentroinformativo.com.mx\/?p=29832"},"modified":"2022-07-26T14:47:42","modified_gmt":"2022-07-26T19:47:42","slug":"en-xalapa-feministas-reclaman-justicia-para-luz-raquel","status":"publish","type":"post","link":"https:\/\/encuentroinformativo.com.mx\/?p=29832","title":{"rendered":"En Xalapa, feministas reclaman justicia para Luz Raquel"},"content":{"rendered":"\n<p><strong>Juan Arcos <\/strong><\/p>\n\n\n\n<p>Xalapa, Ver.- Activistas de Xalapa protestaron frente a Palacio de Gobierno en apoyo a las feministas de Zapopan, Jalisco, para exigir justicia por el feminicidio de Luz Raquel, quien era madre de un ni\u00f1o con autismo y fue asesinada tras un ataque con sustancias qu\u00edmicas, el pasado 19 de julio.<\/p>\n\n\n\n<p>Las mujeres se plantaron en Plaza Sebasti\u00e1n Lerdo de Tejada, donde se dijeron consternadas por los constantes casos de este tipo que se han registrado en distintos puntos de la Rep\u00fablica Mexicana.<\/p>\n\n\n\n<p>De acuerdo con Rosal\u00eda Hern\u00e1ndez V\u00e1squez, han repuntado los casos de feminicidio en el pa\u00eds y en Veracruz se han dado casos similares al de Luz Raquel, donde las mujeres han muerto por la inoperancia de las autoridades.<\/p>\n\n\n\n<p>\u201cLuz Raquel era una cuidadora y ya hab\u00eda advertido y hab\u00eda denunciado a su agresor por todas las amenazas que recib\u00eda, a pesar de eso las autoridades all\u00e1 no actuaron y sabemos que en Veracruz hay casos similares, porque la discriminaci\u00f3n, la intolerancia y la insensibilidad hacia las cuidadoras est\u00e1 presente\u201d, expres\u00f3.<\/p>\n\n\n\n<p>Las defensoras de los derechos de las mujeres colocaron una lona sobre la plaza p\u00fablica y escribieron el nombre de Luz Raquel con pintura en aerosol.<\/p>\n\n\n\n<p>Por su parte, la feminista Wendy L\u00f3pez Hern\u00e1ndez consider\u00f3 que los cr\u00edmenes de mujeres est\u00e1n ocurriendo con m\u00e1s sa\u00f1a en los \u00faltimos meses.<\/p>\n\n\n\n<p>Adem\u00e1s, lament\u00f3 que hasta el momento se contabilicen 300 mujeres desaparecidas en el estado de Veracruz, en lo que va del a\u00f1o.<\/p>\n\n\n\n<p>\u201cTodos tendr\u00edamos que salir a las calles a buscarlas y exigir a nuestras autoridades que hagan lo propio\u201d, enfatiz\u00f3.<\/p>\n\n\n\n<figure class=\"wp-block-image size-large\"><img loading=\"lazy\" decoding=\"async\" width=\"1024\" height=\"683\" src=\"https:\/\/encuentroinformativo.com.mx\/wp-content\/uploads\/2022\/07\/014FD9A7-E1EA-4B0F-9C03-7023488CB816-1024x683.jpeg\" alt=\"\" class=\"wp-image-29834\" srcset=\"https:\/\/encuentroinformativo.com.mx\/wp-content\/uploads\/2022\/07\/014FD9A7-E1EA-4B0F-9C03-7023488CB816-1024x683.jpeg 1024w, https:\/\/encuentroinformativo.com.mx\/wp-content\/uploads\/2022\/07\/014FD9A7-E1EA-4B0F-9C03-7023488CB816-300x200.jpeg 300w, https:\/\/encuentroinformativo.com.mx\/wp-content\/uploads\/2022\/07\/014FD9A7-E1EA-4B0F-9C03-7023488CB816-768x512.jpeg 768w, https:\/\/encuentroinformativo.com.mx\/wp-content\/uploads\/2022\/07\/014FD9A7-E1EA-4B0F-9C03-7023488CB816.jpeg 1488w\" sizes=\"auto, (max-width: 1024px) 100vw, 1024px\" \/><\/figure>\n","protected":false},"excerpt":{"rendered":"<p>Juan Arcos Xalapa, Ver.- Activistas de Xalapa protestaron frente a Palacio de Gobierno en apoyo a las feministas de Zapopan, Jalisco, para exigir justicia por el feminicidio de Luz Raquel, quien era madre de un ni\u00f1o con autismo y fue asesinada tras un ataque con sustancias qu\u00edmicas, el pasado 19 de julio. Las mujeres se [&hellip;]<\/p>\n","protected":false},"author":1,"featured_media":29833,"comment_status":"open","ping_status":"open","sticky":false,"template":"","format":"standard","meta":{"_jetpack_memberships_contains_paid_content":false,"footnotes":""},"categories":[3],"tags":[],"class_list":["post-29832","post","type-post","status-publish","format-standard","has-post-thumbnail","hentry","category-xalapa"],"jetpack_featured_media_url":"https:\/\/encuentroinformativo.com.mx\/wp-content\/uploads\/2022\/07\/2E8C6835-08C4-41BB-A983-22EAB34F95C9.jpeg","jetpack_sharing_enabled":true,"jetpack_likes_enabled":true,"amp_enabled":true,"_links":{"self":[{"href":"https:\/\/encuentroinformativo.com.mx\/index.php?rest_route=\/wp\/v2\/posts\/29832","targetHints":{"allow":["GET"]}}],"collection":[{"href":"https:\/\/encuentroinformativo.com.mx\/index.php?rest_route=\/wp\/v2\/posts"}],"about":[{"href":"https:\/\/encuentroinformativo.com.mx\/index.php?rest_route=\/wp\/v2\/types\/post"}],"author":[{"embeddable":true,"href":"https:\/\/encuentroinformativo.com.mx\/index.php?rest_route=\/wp\/v2\/users\/1"}],"replies":[{"embeddable":true,"href":"https:\/\/encuentroinformativo.com.mx\/index.php?rest_route=%2Fwp%2Fv2%2Fcomments&post=29832"}],"version-history":[{"count":1,"href":"https:\/\/encuentroinformativo.com.mx\/index.php?rest_route=\/wp\/v2\/posts\/29832\/revisions"}],"predecessor-version":[{"id":29835,"href":"https:\/\/encuentroinformativo.com.mx\/index.php?rest_route=\/wp\/v2\/posts\/29832\/revisions\/29835"}],"wp:featuredmedia":[{"embeddable":true,"href":"https:\/\/encuentroinformativo.com.mx\/index.php?rest_route=\/wp\/v2\/media\/29833"}],"wp:attachment":[{"href":"https:\/\/encuentroinformativo.com.mx\/index.php?rest_route=%2Fwp%2Fv2%2Fmedia&parent=29832"}],"wp:term":[{"taxonomy":"category","embeddable":true,"href":"https:\/\/encuentroinformativo.com.mx\/index.php?rest_route=%2Fwp%2Fv2%2Fcategories&post=29832"},{"taxonomy":"post_tag","embeddable":true,"href":"https:\/\/encuentroinformativo.com.mx\/index.php?rest_route=%2Fwp%2Fv2%2Ftags&post=29832"}],"curies":[{"name":"wp","href":"https:\/\/api.w.org\/{rel}","templated":true}]}}