{"id":29842,"date":"2022-07-26T16:15:54","date_gmt":"2022-07-26T21:15:54","guid":{"rendered":"https:\/\/encuentroinformativo.com.mx\/?p=29842"},"modified":"2022-07-26T16:15:57","modified_gmt":"2022-07-26T21:15:57","slug":"esperan-boquenos-ventas-del-100-por-ciento-en-fiestas-de-santa-ana","status":"publish","type":"post","link":"https:\/\/encuentroinformativo.com.mx\/?p=29842","title":{"rendered":"Esperan boque\u00f1os ventas del 100 por ciento en fiestas de Santa Ana"},"content":{"rendered":"\n<p><strong>Alejandro \u00c1vila<\/strong><\/p>\n\n\n\n<p>Boca del R\u00edo, Ver.- El regreso de las fiestas en honor a Santa Ana es un respiro para los comerciantes de la cabecera municipal de Boca del R\u00edo, mencion\u00f3 el presidente de la Asociaci\u00f3n de Restauranteros, Lorenzo Montalvo Iglesias.<\/p>\n\n\n\n<p>El festejo a la Patrona de municipio de Boca del R\u00edo hab\u00eda sido suspendido como otras actividades a nivel estatal debido a la pandemia, por lo que a su regreso, tras dos a\u00f1os de ausencia, se esperan grandes ventas.<\/p>\n\n\n\n<p>Reconoci\u00f3 que no solo los restauranteros esperan aumentar sus ventas mostrando los platillos t\u00edpicos de la zona; sino tambi\u00e9n otros comerciantes que se ubican en la cabecera municipal, sobre todo aquellos que venden bebidas.<\/p>\n\n\n\n<p>Montalvo Iglesias dijo que se ver\u00e1n beneficiados m\u00e1s de 40 restauranteros del municipio, dejando un importante derrama econ\u00f3mica para las cientos de familias que se dedican al ramo de la industria restaurantera.<\/p>\n\n\n\n<p>&#8220;Esta fiesta es muy importante y estamos muy contentos de retomar la fiesta patronal que sabemos que por cuestiones de pandemia no se pudo realizar, hoy despu\u00e9s de dos a\u00f1os volvemos a ver su luz\u201d, finaliz\u00f3.<\/p>\n","protected":false},"excerpt":{"rendered":"<p>Alejandro \u00c1vila Boca del R\u00edo, Ver.- El regreso de las fiestas en honor a Santa Ana es un respiro para los comerciantes de la cabecera municipal de Boca del R\u00edo, mencion\u00f3 el presidente de la Asociaci\u00f3n de Restauranteros, Lorenzo Montalvo Iglesias. El festejo a la Patrona de municipio de Boca del R\u00edo hab\u00eda sido suspendido [&hellip;]<\/p>\n","protected":false},"author":1,"featured_media":29843,"comment_status":"open","ping_status":"open","sticky":false,"template":"","format":"standard","meta":{"_jetpack_memberships_contains_paid_content":false,"footnotes":""},"categories":[2],"tags":[],"class_list":["post-29842","post","type-post","status-publish","format-standard","has-post-thumbnail","hentry","category-estado"],"jetpack_featured_media_url":"https:\/\/encuentroinformativo.com.mx\/wp-content\/uploads\/2022\/07\/C60343CA-9147-4AB0-90C2-4F78181E1937.jpeg","jetpack_sharing_enabled":true,"jetpack_likes_enabled":true,"amp_enabled":true,"_links":{"self":[{"href":"https:\/\/encuentroinformativo.com.mx\/index.php?rest_route=\/wp\/v2\/posts\/29842","targetHints":{"allow":["GET"]}}],"collection":[{"href":"https:\/\/encuentroinformativo.com.mx\/index.php?rest_route=\/wp\/v2\/posts"}],"about":[{"href":"https:\/\/encuentroinformativo.com.mx\/index.php?rest_route=\/wp\/v2\/types\/post"}],"author":[{"embeddable":true,"href":"https:\/\/encuentroinformativo.com.mx\/index.php?rest_route=\/wp\/v2\/users\/1"}],"replies":[{"embeddable":true,"href":"https:\/\/encuentroinformativo.com.mx\/index.php?rest_route=%2Fwp%2Fv2%2Fcomments&post=29842"}],"version-history":[{"count":1,"href":"https:\/\/encuentroinformativo.com.mx\/index.php?rest_route=\/wp\/v2\/posts\/29842\/revisions"}],"predecessor-version":[{"id":29844,"href":"https:\/\/encuentroinformativo.com.mx\/index.php?rest_route=\/wp\/v2\/posts\/29842\/revisions\/29844"}],"wp:featuredmedia":[{"embeddable":true,"href":"https:\/\/encuentroinformativo.com.mx\/index.php?rest_route=\/wp\/v2\/media\/29843"}],"wp:attachment":[{"href":"https:\/\/encuentroinformativo.com.mx\/index.php?rest_route=%2Fwp%2Fv2%2Fmedia&parent=29842"}],"wp:term":[{"taxonomy":"category","embeddable":true,"href":"https:\/\/encuentroinformativo.com.mx\/index.php?rest_route=%2Fwp%2Fv2%2Fcategories&post=29842"},{"taxonomy":"post_tag","embeddable":true,"href":"https:\/\/encuentroinformativo.com.mx\/index.php?rest_route=%2Fwp%2Fv2%2Ftags&post=29842"}],"curies":[{"name":"wp","href":"https:\/\/api.w.org\/{rel}","templated":true}]}}