{"id":29847,"date":"2022-07-26T16:56:15","date_gmt":"2022-07-26T21:56:15","guid":{"rendered":"https:\/\/encuentroinformativo.com.mx\/?p=29847"},"modified":"2022-07-26T16:56:19","modified_gmt":"2022-07-26T21:56:19","slug":"celebra-morena-detencion-de-exfiscal-jorge-n","status":"publish","type":"post","link":"https:\/\/encuentroinformativo.com.mx\/?p=29847","title":{"rendered":"Celebra Morena detenci\u00f3n  de exfiscal Jorge \u201cN\u201d"},"content":{"rendered":"\n<p><strong>Juan Arcos <\/strong><\/p>\n\n\n\n<p>Xalapa, Ver.- Con la captura de Jorge \u201cN\u201d, la Cuarta Transformaci\u00f3n (4T) sigue cumpliendo y brindando justicia a los veracruzanos, expres\u00f3 el secretario de Organizaci\u00f3n del Comit\u00e9 Estatal de Morena, Yair Ademar Dom\u00ednguez V\u00e1zquez.<\/p>\n\n\n\n<p>Dijo que esta captura ha reflejado que Jorge \u201cN\u201d, no era fiscal de los veracruzanos, sino que serv\u00eda a los intereses de la familia Yunes y del Partido Acci\u00f3n Nacional (PAN), quienes han salido a defenderlo.<\/p>\n\n\n\n<p>\u201cJorge N fue un fiscal que s\u00f3lo trabaj\u00f3 para cumplir a los intereses y caprichos de los Yunes, fabricando delitos, fingiendo procuraci\u00f3n de justicia cuando m\u00e1s bien encubr\u00eda los delitos de sus jefes, pues fue su fot\u00f3grafo, fue su abogado y fue fiscal servil de los Yunes no de Veracruz, ni de los veracruzanos\u201d, agreg\u00f3.<\/p>\n\n\n\n<p>Dom\u00ednguez V\u00e1zquez se\u00f1al\u00f3 que los abogados y el departamento jur\u00eddico del PAN, as\u00ed como legisladores de ese partido son quienes han salido en su defensa, dejando clara la complicidad con el exfiscal, hoy capturado por la justicia veracruzana.<\/p>\n\n\n\n<p>\u201cReconozco el trabajo de coordinaci\u00f3n de las fuerzas armadas, de la SEDENA, CNI, CONASE, de la Secretar\u00eda de Seguridad y Protecci\u00f3n Ciudadana y la colaboraci\u00f3n de la Polic\u00eda Ministerial y de la Fiscal\u00eda de Veracruz, pues su buen desempe\u00f1o ha culminado con la captura de un pr\u00f3fugo que hoy enfrentar\u00e1 la justicia\u201d, afirm\u00f3.<\/p>\n\n\n\n<p>Record\u00f3 que Jorge \u201cN\u201d era un objetivo prioritario de la Mesa de Coordinaci\u00f3n Estatal para la Construcci\u00f3n de la Paz, pues es acusado por los delitos de desaparici\u00f3n forzada y privaci\u00f3n ilegal de la libertad en su modalidad de secuestro.<\/p>\n\n\n\n<p>Destac\u00f3 que como lo ha mencionado el gobernador Cuitl\u00e1huac Garc\u00eda Jim\u00e9nez, con Jorge \u201cN\u201d al frente de la Fiscal\u00eda de Veracruz, los delitos de alto impacto no eran perseguidos con eficacia y dedicaci\u00f3n, lo cual cambi\u00f3 con la llegada de la fiscal Ver\u00f3nica Hern\u00e1ndez Giad\u00e1ns dando resultados en la aplicaci\u00f3n y procuraci\u00f3n de justicia.<\/p>\n\n\n\n<p>\u201cConfiamos en el actuar de las autoridades de Veracruz, y se demuestra una vez m\u00e1s que en Veracruz se aplica la ley sin distingo\u201d, finaliz\u00f3.<\/p>\n","protected":false},"excerpt":{"rendered":"<p>Juan Arcos Xalapa, Ver.- Con la captura de Jorge \u201cN\u201d, la Cuarta Transformaci\u00f3n (4T) sigue cumpliendo y brindando justicia a los veracruzanos, expres\u00f3 el secretario de Organizaci\u00f3n del Comit\u00e9 Estatal de Morena, Yair Ademar Dom\u00ednguez V\u00e1zquez. Dijo que esta captura ha reflejado que Jorge \u201cN\u201d, no era fiscal de los veracruzanos, sino que serv\u00eda a [&hellip;]<\/p>\n","protected":false},"author":1,"featured_media":29848,"comment_status":"open","ping_status":"open","sticky":false,"template":"","format":"standard","meta":{"_jetpack_memberships_contains_paid_content":false,"footnotes":""},"categories":[2],"tags":[],"class_list":["post-29847","post","type-post","status-publish","format-standard","has-post-thumbnail","hentry","category-estado"],"jetpack_featured_media_url":"https:\/\/encuentroinformativo.com.mx\/wp-content\/uploads\/2022\/07\/696E1EF7-A510-4F24-951F-501E6493AB53.jpeg","jetpack_sharing_enabled":true,"jetpack_likes_enabled":true,"amp_enabled":true,"_links":{"self":[{"href":"https:\/\/encuentroinformativo.com.mx\/index.php?rest_route=\/wp\/v2\/posts\/29847","targetHints":{"allow":["GET"]}}],"collection":[{"href":"https:\/\/encuentroinformativo.com.mx\/index.php?rest_route=\/wp\/v2\/posts"}],"about":[{"href":"https:\/\/encuentroinformativo.com.mx\/index.php?rest_route=\/wp\/v2\/types\/post"}],"author":[{"embeddable":true,"href":"https:\/\/encuentroinformativo.com.mx\/index.php?rest_route=\/wp\/v2\/users\/1"}],"replies":[{"embeddable":true,"href":"https:\/\/encuentroinformativo.com.mx\/index.php?rest_route=%2Fwp%2Fv2%2Fcomments&post=29847"}],"version-history":[{"count":1,"href":"https:\/\/encuentroinformativo.com.mx\/index.php?rest_route=\/wp\/v2\/posts\/29847\/revisions"}],"predecessor-version":[{"id":29849,"href":"https:\/\/encuentroinformativo.com.mx\/index.php?rest_route=\/wp\/v2\/posts\/29847\/revisions\/29849"}],"wp:featuredmedia":[{"embeddable":true,"href":"https:\/\/encuentroinformativo.com.mx\/index.php?rest_route=\/wp\/v2\/media\/29848"}],"wp:attachment":[{"href":"https:\/\/encuentroinformativo.com.mx\/index.php?rest_route=%2Fwp%2Fv2%2Fmedia&parent=29847"}],"wp:term":[{"taxonomy":"category","embeddable":true,"href":"https:\/\/encuentroinformativo.com.mx\/index.php?rest_route=%2Fwp%2Fv2%2Fcategories&post=29847"},{"taxonomy":"post_tag","embeddable":true,"href":"https:\/\/encuentroinformativo.com.mx\/index.php?rest_route=%2Fwp%2Fv2%2Ftags&post=29847"}],"curies":[{"name":"wp","href":"https:\/\/api.w.org\/{rel}","templated":true}]}}