{"id":29853,"date":"2022-07-26T17:13:13","date_gmt":"2022-07-26T22:13:13","guid":{"rendered":"https:\/\/encuentroinformativo.com.mx\/?p=29853"},"modified":"2022-07-26T17:13:17","modified_gmt":"2022-07-26T22:13:17","slug":"invitan-a-festival-del-arpa-en-alto-lucero","status":"publish","type":"post","link":"https:\/\/encuentroinformativo.com.mx\/?p=29853","title":{"rendered":"Invitan a Festival del Arpa en Alto Lucero"},"content":{"rendered":"\n<p><strong>Dar\u00edo Pale <\/strong><\/p>\n\n\n\n<p>Xalapa, Ver.- Este 30 de julio se llevar\u00e1 a cabo la edici\u00f3n 21 del Festival Internacional del Arpa, en la comunidad de Cerrillos de D\u00edaz, en donde estiman lograr una derrama econ\u00f3mica de al menos 8 millones de pesos, as\u00ed lo inform\u00f3 el presidente municipal de Alto Lucero Vicente Aguilar Castillo.<\/p>\n\n\n\n<p>En conferencia de prensa se\u00f1al\u00f3 que este a\u00f1o participar\u00e1n artistas de Paraguay, Colombia, Venezuela, Jap\u00f3n, Ecuador y Alemania, as\u00ed como de varios municipios del Estado y el pa\u00eds.<\/p>\n\n\n\n<p>Al recordar que Cerrillos de D\u00edaz es cuna de arpistas, afirm\u00f3 que no hay ning\u00fan otro estado con este nivel de participaci\u00f3n e importancia.<\/p>\n\n\n\n<p>El evento se llevar\u00e1 a cabo desde las 13:00 horas y hasta concluir, adem\u00e1s record\u00f3 que a Alto Lucero se llega desde Xalapa por la carretera al Castillo en 40 minutos y la comunidad est\u00e1 a cuatro minutos de la cabecera municipal.<\/p>\n\n\n\n<p>Para ese d\u00eda esperan una afluencia de visitantes de m\u00e1s de entre mil a 3 mil personas, que podr\u00e1n disfrutar de todas las presentaciones de manera gratuita.<\/p>\n","protected":false},"excerpt":{"rendered":"<p>Dar\u00edo Pale Xalapa, Ver.- Este 30 de julio se llevar\u00e1 a cabo la edici\u00f3n 21 del Festival Internacional del Arpa, en la comunidad de Cerrillos de D\u00edaz, en donde estiman lograr una derrama econ\u00f3mica de al menos 8 millones de pesos, as\u00ed lo inform\u00f3 el presidente municipal de Alto Lucero Vicente Aguilar Castillo. En conferencia [&hellip;]<\/p>\n","protected":false},"author":1,"featured_media":29854,"comment_status":"open","ping_status":"open","sticky":false,"template":"","format":"standard","meta":{"_jetpack_memberships_contains_paid_content":false,"footnotes":""},"categories":[8],"tags":[],"class_list":["post-29853","post","type-post","status-publish","format-standard","has-post-thumbnail","hentry","category-region"],"jetpack_featured_media_url":"https:\/\/encuentroinformativo.com.mx\/wp-content\/uploads\/2022\/07\/DD793148-EBB7-46DC-86BF-68A3BDA6A2EA.jpeg","jetpack_sharing_enabled":true,"jetpack_likes_enabled":true,"amp_enabled":true,"_links":{"self":[{"href":"https:\/\/encuentroinformativo.com.mx\/index.php?rest_route=\/wp\/v2\/posts\/29853","targetHints":{"allow":["GET"]}}],"collection":[{"href":"https:\/\/encuentroinformativo.com.mx\/index.php?rest_route=\/wp\/v2\/posts"}],"about":[{"href":"https:\/\/encuentroinformativo.com.mx\/index.php?rest_route=\/wp\/v2\/types\/post"}],"author":[{"embeddable":true,"href":"https:\/\/encuentroinformativo.com.mx\/index.php?rest_route=\/wp\/v2\/users\/1"}],"replies":[{"embeddable":true,"href":"https:\/\/encuentroinformativo.com.mx\/index.php?rest_route=%2Fwp%2Fv2%2Fcomments&post=29853"}],"version-history":[{"count":1,"href":"https:\/\/encuentroinformativo.com.mx\/index.php?rest_route=\/wp\/v2\/posts\/29853\/revisions"}],"predecessor-version":[{"id":29855,"href":"https:\/\/encuentroinformativo.com.mx\/index.php?rest_route=\/wp\/v2\/posts\/29853\/revisions\/29855"}],"wp:featuredmedia":[{"embeddable":true,"href":"https:\/\/encuentroinformativo.com.mx\/index.php?rest_route=\/wp\/v2\/media\/29854"}],"wp:attachment":[{"href":"https:\/\/encuentroinformativo.com.mx\/index.php?rest_route=%2Fwp%2Fv2%2Fmedia&parent=29853"}],"wp:term":[{"taxonomy":"category","embeddable":true,"href":"https:\/\/encuentroinformativo.com.mx\/index.php?rest_route=%2Fwp%2Fv2%2Fcategories&post=29853"},{"taxonomy":"post_tag","embeddable":true,"href":"https:\/\/encuentroinformativo.com.mx\/index.php?rest_route=%2Fwp%2Fv2%2Ftags&post=29853"}],"curies":[{"name":"wp","href":"https:\/\/api.w.org\/{rel}","templated":true}]}}