{"id":29856,"date":"2022-07-26T17:26:40","date_gmt":"2022-07-26T22:26:40","guid":{"rendered":"https:\/\/encuentroinformativo.com.mx\/?p=29856"},"modified":"2022-07-26T17:26:44","modified_gmt":"2022-07-26T22:26:44","slug":"llega-a-veracruz-puerto-encanto-el-musical","status":"publish","type":"post","link":"https:\/\/encuentroinformativo.com.mx\/?p=29856","title":{"rendered":"Llega a Veracruz Puerto \u201cEncanto El Musical&#8221;"},"content":{"rendered":"\n<p><strong>Alejandro \u00c1vila<\/strong><\/p>\n\n\n\n<p>Veracruz, Ver.- Llega a Veracruz Puerto la gira nacional \u201cEncanto El Musical&#8221;, tras presentarse en los m\u00e1s importantes teatros de la Rep\u00fablica Mexicana.<\/p>\n\n\n\n<p>Con una impresionante producci\u00f3n, emotiva y divertida, as\u00ed es \u201cEncanto El Musical&#8221;, el cual se presentar\u00e1 este domingo 31 de julio en el teatro de &#8220;La Reforma&#8221; en dos funciones, 13:00 y 16:30 horas.<\/p>\n\n\n\n<p>Con 20 actores en escena cantando completamente en vivo, los asistentes vibrar\u00e1n con ellos en cada una de las canciones que se hicieron famosas tras el estreno de la pel\u00edcula \u201cEncanto\u201d de la empresa Disney; adem\u00e1s, podr\u00e1s ver de cerca a todos los personajes de la familia Madrigal viviendo en la casa m\u00e1gica escondida entre las monta\u00f1as.<\/p>\n\n\n\n<p>En la conferencia de prensa, los actores y actrices: Yure Carranza (Abuela Alma Madrigal), Cerezuka (Mirabel Madrigal), Enrique Peralta (Bruno Madrigal) y Val Centeno (Isabela Madrigal) detallaron que la obra es completamente musical con cambios de vestuario, escenograf\u00eda, telones, una casa de real de 5 metros de altura y a la vez confirmaron la presentaci\u00f3n de este musical en el teatro de &#8220;La Reforma&#8221;, con lo que pr\u00e1cticamente cierran en Veracruz la primera etapa de la gira, la cual reiniciar\u00e1 en septiembre.<\/p>\n\n\n\n<p>Complementan el elenco: Karla Valeria Rivera Centeno, Lisset Casandra Salgado Alarc\u00f3n, Laura Elena Hern\u00e1ndez&nbsp; Garc\u00eda y Rub\u00e9n L\u00f3pez Valdez, adem\u00e1s del cuerpo de bailarines, en total, m\u00e1s de 20 artistas en escena.<\/p>\n\n\n\n<p>Los costos de este evento ser\u00e1n:&nbsp;<\/p>\n\n\n\n<p>VIP: $ 454.00<\/p>\n\n\n\n<p>Luneta: $ 397.00<\/p>\n\n\n\n<p>Palco (parte alta): $ 339.00<\/p>\n\n\n\n<p>Palco preferente (parte alta): $ 227.00<\/p>\n\n\n\n<p>Platea regular: $ 207.00<\/p>\n\n\n\n<p>Venta de boletos en taquillas del Teatro de la Reforma en horario de 10 am a 6 pm.<\/p>\n\n\n\n<p><\/p>\n\n\n\n<figure class=\"wp-block-embed\"><div class=\"wp-block-embed__wrapper\">\nhttps:\/\/boletos.redaccess.com\/artes-escenicas\/encanto-el-musical-en-vivo!-veracruz-711?trf=PV111VGEMWFY\n<\/div><\/figure>\n","protected":false},"excerpt":{"rendered":"<p>Alejandro \u00c1vila Veracruz, Ver.- Llega a Veracruz Puerto la gira nacional \u201cEncanto El Musical&#8221;, tras presentarse en los m\u00e1s importantes teatros de la Rep\u00fablica Mexicana. Con una impresionante producci\u00f3n, emotiva y divertida, as\u00ed es \u201cEncanto El Musical&#8221;, el cual se presentar\u00e1 este domingo 31 de julio en el teatro de &#8220;La Reforma&#8221; en dos funciones, [&hellip;]<\/p>\n","protected":false},"author":1,"featured_media":29857,"comment_status":"open","ping_status":"open","sticky":false,"template":"","format":"standard","meta":{"_jetpack_memberships_contains_paid_content":false,"footnotes":""},"categories":[2],"tags":[],"class_list":["post-29856","post","type-post","status-publish","format-standard","has-post-thumbnail","hentry","category-estado"],"jetpack_featured_media_url":"https:\/\/encuentroinformativo.com.mx\/wp-content\/uploads\/2022\/07\/B91EB476-398B-40DE-90FF-282645E5EF01.jpeg","jetpack_sharing_enabled":true,"jetpack_likes_enabled":true,"amp_enabled":true,"_links":{"self":[{"href":"https:\/\/encuentroinformativo.com.mx\/index.php?rest_route=\/wp\/v2\/posts\/29856","targetHints":{"allow":["GET"]}}],"collection":[{"href":"https:\/\/encuentroinformativo.com.mx\/index.php?rest_route=\/wp\/v2\/posts"}],"about":[{"href":"https:\/\/encuentroinformativo.com.mx\/index.php?rest_route=\/wp\/v2\/types\/post"}],"author":[{"embeddable":true,"href":"https:\/\/encuentroinformativo.com.mx\/index.php?rest_route=\/wp\/v2\/users\/1"}],"replies":[{"embeddable":true,"href":"https:\/\/encuentroinformativo.com.mx\/index.php?rest_route=%2Fwp%2Fv2%2Fcomments&post=29856"}],"version-history":[{"count":1,"href":"https:\/\/encuentroinformativo.com.mx\/index.php?rest_route=\/wp\/v2\/posts\/29856\/revisions"}],"predecessor-version":[{"id":29858,"href":"https:\/\/encuentroinformativo.com.mx\/index.php?rest_route=\/wp\/v2\/posts\/29856\/revisions\/29858"}],"wp:featuredmedia":[{"embeddable":true,"href":"https:\/\/encuentroinformativo.com.mx\/index.php?rest_route=\/wp\/v2\/media\/29857"}],"wp:attachment":[{"href":"https:\/\/encuentroinformativo.com.mx\/index.php?rest_route=%2Fwp%2Fv2%2Fmedia&parent=29856"}],"wp:term":[{"taxonomy":"category","embeddable":true,"href":"https:\/\/encuentroinformativo.com.mx\/index.php?rest_route=%2Fwp%2Fv2%2Fcategories&post=29856"},{"taxonomy":"post_tag","embeddable":true,"href":"https:\/\/encuentroinformativo.com.mx\/index.php?rest_route=%2Fwp%2Fv2%2Ftags&post=29856"}],"curies":[{"name":"wp","href":"https:\/\/api.w.org\/{rel}","templated":true}]}}