{"id":29859,"date":"2022-07-26T20:56:19","date_gmt":"2022-07-27T01:56:19","guid":{"rendered":"https:\/\/encuentroinformativo.com.mx\/?p=29859"},"modified":"2022-07-26T20:56:22","modified_gmt":"2022-07-27T01:56:22","slug":"encabeza-alcalde-jm-unanue-el-tradicional-paseo-acuatico-de-nuestra-senora-santa-ana","status":"publish","type":"post","link":"https:\/\/encuentroinformativo.com.mx\/?p=29859","title":{"rendered":"Encabeza Alcalde JM Un\u00e1nue el tradicional paseo acu\u00e1tico de nuestra se\u00f1ora Santa Ana"},"content":{"rendered":"\n<p><strong>*Previo al paseo, el presidente municipal hizo entrega de un reconocimiento al Padre Cecilio Herrera Moreno por su destacada labor en Boca del R\u00edo.<\/strong><\/p>\n\n\n\n<p>Boca del R\u00edo, Ver.- En el segundo d\u00eda de actividades de las Fiestas de Santa Ana 2022 y despu\u00e9s de dos a\u00f1os, se realiz\u00f3 el tradicional paseo acu\u00e1tico de nuestra se\u00f1ora de Santa Ana en el R\u00edo Jamapa.<\/p>\n\n\n\n<p>Al finalizar la Misa de los Abuelos, el Alcalde de Boca del R\u00edo, Juan Manuel Un\u00e1nue Abascal, junto a decenas de fieles devotos, autoridades municipales y pescadores, recorrieron las c\u00e9ntricas calles del municipio, acompa\u00f1ando a la imagen de la Patrona Santa Ana para despu\u00e9s abordar las embarcaciones y junto a la \u201cDoncella del Mar\u201d; Pamela Reynolds Vera y el Trit\u00f3n; Johan Enr\u00edquez, realizar el paseo acu\u00e1tico.<\/p>\n\n\n\n<p>Por la ribera, se dirigieron al islote donde se encuentra una representaci\u00f3n de la Patrona de los boque\u00f1os, depositando una ofrenda floral, en espera de una buena temporada de pesca, como lo marca la creencia local.<\/p>\n\n\n\n<p>Todas las lanchas fueron preparadas y adornadas con flores multicolores, para recibir a los creyentes y laicos en busca de mejores tiempos para Boca del R\u00edo.<\/p>\n\n\n\n<p>Por su parte, el Presidente Municipal, Juan Manuel Un\u00e1nue Abascal, dijo que el municipio y sus habitantes se encuentran con los brazos abiertos, para recibir a todos los visitantes que acudir\u00e1n a la Fiesta Patronal.<\/p>\n\n\n\n<p>\u201cTenemos actividades en diferentes puntos de la ciudad durante todo el d\u00eda, va haber mucha afluencia de gente, derrama econ\u00f3mica que es muy importante y sobre todo retomar las fiestas despu\u00e9s de dos a\u00f1os que no se hac\u00eda\u201d, apunt\u00f3.<\/p>\n\n\n\n<p>Un\u00e1nue Abascal, record\u00f3 el elenco art\u00edstico que se presentar\u00e1 a partir del jueves con la presencia de Chucho Rivas y Mar\u00eda Jos\u00e9, el viernes, Banda el Recodo y el s\u00e1bado en el tercer gran concierto present\u00e1ndose Mario Bautista, todos en punto de las 22 horas.<\/p>\n\n\n\n<p>Cabe destacar que el s\u00e1bado, se realizar\u00e1 el Tradicional Ba\u00f1o Popular, con presencia de Dorismar y Merenglas como padrinos, esto, al medio d\u00eda en la Plaza C\u00edvica.<\/p>\n\n\n\n<p>MISA DE LOS ABUELOS<\/p>\n\n\n\n<p>Previo al Paseo Acu\u00e1tico, se realiz\u00f3 la Misa de los Abuelos, donde la presidi\u00f3 el obispo de la Di\u00f3cesis de Veracruz; Carlos Brise\u00f1o Arch, como parte de las actividades religiosas en la Parroquia de Nuestra Se\u00f1ora de Santa Ana.<br>Al t\u00e9rmino de la liturgia, el Alcalde Juan Manuel Un\u00e1nue Abascal y la Presidenta del DIF Municipal de Boca del R\u00edo; Melina Rivera de Un\u00e1nue, entregaron un reconocimiento al Padre Cecilio Herrera Moreno, quien tras once a\u00f1os de trabajo al frente de la Parroquia de Santa Ana, deja la tradicional iglesia, para continuar su labor de Fe en el municipio de Veracruz.<\/p>\n\n\n\n<p>\u201cUna ardua labor en la comunidad y del pueblo boque\u00f1o en beneficio de las personas m\u00e1s necesitadas\u201d, adem\u00e1s de ser el fundador del proyecto de \u201cLa Casa Santa Ana\u201d, destac\u00f3 el ejecutivo municipal.<\/p>\n\n\n\n<p>Para m\u00e1s detalles de las actividades culturales, deportivas y recreativas, el gobierno municipal de Boca del R\u00edo, te invita a visitar la pagina www.fiesta-santa-ana.mx<\/p>\n\n\n\n<figure class=\"wp-block-image size-large\"><img loading=\"lazy\" decoding=\"async\" width=\"1024\" height=\"682\" src=\"https:\/\/encuentroinformativo.com.mx\/wp-content\/uploads\/2022\/07\/1F7C68BA-D5EE-40A8-8B1A-A69AFD66E447.jpeg\" alt=\"\" class=\"wp-image-29861\" srcset=\"https:\/\/encuentroinformativo.com.mx\/wp-content\/uploads\/2022\/07\/1F7C68BA-D5EE-40A8-8B1A-A69AFD66E447.jpeg 1024w, https:\/\/encuentroinformativo.com.mx\/wp-content\/uploads\/2022\/07\/1F7C68BA-D5EE-40A8-8B1A-A69AFD66E447-300x200.jpeg 300w, https:\/\/encuentroinformativo.com.mx\/wp-content\/uploads\/2022\/07\/1F7C68BA-D5EE-40A8-8B1A-A69AFD66E447-768x512.jpeg 768w\" sizes=\"auto, (max-width: 1024px) 100vw, 1024px\" \/><\/figure>\n","protected":false},"excerpt":{"rendered":"<p>*Previo al paseo, el presidente municipal hizo entrega de un reconocimiento al Padre Cecilio Herrera Moreno por su destacada labor en Boca del R\u00edo. Boca del R\u00edo, Ver.- En el segundo d\u00eda de actividades de las Fiestas de Santa Ana 2022 y despu\u00e9s de dos a\u00f1os, se realiz\u00f3 el tradicional paseo acu\u00e1tico de nuestra se\u00f1ora [&hellip;]<\/p>\n","protected":false},"author":1,"featured_media":29860,"comment_status":"open","ping_status":"open","sticky":false,"template":"","format":"standard","meta":{"_jetpack_memberships_contains_paid_content":false,"footnotes":""},"categories":[2],"tags":[],"class_list":["post-29859","post","type-post","status-publish","format-standard","has-post-thumbnail","hentry","category-estado"],"jetpack_featured_media_url":"https:\/\/encuentroinformativo.com.mx\/wp-content\/uploads\/2022\/07\/910E599C-EC50-47D8-970C-954B8E316E94.jpeg","jetpack_sharing_enabled":true,"jetpack_likes_enabled":true,"amp_enabled":true,"_links":{"self":[{"href":"https:\/\/encuentroinformativo.com.mx\/index.php?rest_route=\/wp\/v2\/posts\/29859","targetHints":{"allow":["GET"]}}],"collection":[{"href":"https:\/\/encuentroinformativo.com.mx\/index.php?rest_route=\/wp\/v2\/posts"}],"about":[{"href":"https:\/\/encuentroinformativo.com.mx\/index.php?rest_route=\/wp\/v2\/types\/post"}],"author":[{"embeddable":true,"href":"https:\/\/encuentroinformativo.com.mx\/index.php?rest_route=\/wp\/v2\/users\/1"}],"replies":[{"embeddable":true,"href":"https:\/\/encuentroinformativo.com.mx\/index.php?rest_route=%2Fwp%2Fv2%2Fcomments&post=29859"}],"version-history":[{"count":1,"href":"https:\/\/encuentroinformativo.com.mx\/index.php?rest_route=\/wp\/v2\/posts\/29859\/revisions"}],"predecessor-version":[{"id":29862,"href":"https:\/\/encuentroinformativo.com.mx\/index.php?rest_route=\/wp\/v2\/posts\/29859\/revisions\/29862"}],"wp:featuredmedia":[{"embeddable":true,"href":"https:\/\/encuentroinformativo.com.mx\/index.php?rest_route=\/wp\/v2\/media\/29860"}],"wp:attachment":[{"href":"https:\/\/encuentroinformativo.com.mx\/index.php?rest_route=%2Fwp%2Fv2%2Fmedia&parent=29859"}],"wp:term":[{"taxonomy":"category","embeddable":true,"href":"https:\/\/encuentroinformativo.com.mx\/index.php?rest_route=%2Fwp%2Fv2%2Fcategories&post=29859"},{"taxonomy":"post_tag","embeddable":true,"href":"https:\/\/encuentroinformativo.com.mx\/index.php?rest_route=%2Fwp%2Fv2%2Ftags&post=29859"}],"curies":[{"name":"wp","href":"https:\/\/api.w.org\/{rel}","templated":true}]}}