{"id":29864,"date":"2022-07-27T11:21:35","date_gmt":"2022-07-27T16:21:35","guid":{"rendered":"https:\/\/encuentroinformativo.com.mx\/?p=29864"},"modified":"2022-07-27T11:21:38","modified_gmt":"2022-07-27T16:21:38","slug":"winckler","status":"publish","type":"post","link":"https:\/\/encuentroinformativo.com.mx\/?p=29864","title":{"rendered":"Winckler"},"content":{"rendered":"\n<p><strong>Los Pol\u00edticos\u00a0<\/strong><\/p>\n\n\n\n<p><strong>Salvador Mu\u00f1oz<\/strong><\/p>\n\n\n\n<p>El Caso Winckler deber\u00eda de verse en un plano tan simple como \u201cSi es culpable, todo el peso de la Ley\u2026 si es Inocente, Libertad\u201d&#8230; pero lamentablemente la aplicaci\u00f3n de las Leyes a veces es tan distante a la aplicaci\u00f3n de la Justicia\u2026 parece lo mismo, pero no lo es\u2026 casos son incontables, pero s\u00ed memorables las an\u00e9cdotas donde la pol\u00edtica se criminaliza, con raz\u00f3n o sin ella.<\/p>\n\n\n\n<p>La aprehensi\u00f3n de Winckler da lugar a la cantidad de comentarios extra period\u00edsticos que, lejos de dar a conocer el hecho, lo celebran o lo condenan\u2026 por el lado pol\u00edtico, se entiende estas dos vertientes; por eso vemos al mismo Gobernador, volviendo a su papel de vocero de la Fiscal\u00eda, despotricar (no se puede decir de otra forma) contra Jorge Winckler; mientras que por el otro lado, panistas (entre el Partido, legisladores locales y federales, una senadora, y los que se me pasen) piden justicia para el ex fiscal.<\/p>\n\n\n\n<p>Ahora, quien suponga que Yunes Linares hace mutis en torno a la aprehensi\u00f3n de Jorge Winckler, se equivoca.<\/p>\n\n\n\n<p>Si bien Fernando y Miguel \u00c1ngel Yunes M\u00e1rquez es seguro que tuvieron relaci\u00f3n con Jorge Winckler, mal har\u00edan si asoman la cabeza porque esto es un asunto totalmente de su padre, cuando era Gobernador\u2026<\/p>\n\n\n\n<p>Ahora, est\u00e1 claro que no es necesario que don Miguel salga al balc\u00f3n, vocifere a los cuatro vientos, haga alharaca para hacerse o\u00edr\u2026 a veces hace m\u00e1s ruido el silencio\u2026&nbsp;<\/p>\n\n\n\n<p>Los comentarios extra period\u00edsticos o bien son una extensi\u00f3n del Gobierno en el poder o parte de esa relaci\u00f3n en la que incurren prensa-pol\u00edticos, en la que uno ve amistad y otro, subordinaci\u00f3n\u2026 debe haber las excepciones, claro\u2026<\/p>\n\n\n\n<p>En cuanto a las declaraciones de quienes en su momento fueron detenidos por la actuaci\u00f3n de la Fiscal\u00eda, totalmente comprensibles\u2026<\/p>\n\n\n\n<p>As\u00ed que la situaci\u00f3n legal de Jorge Winckler, con o sin buenos deseos, de sus amigos o enemigos pol\u00edticos, estar\u00e1 en manos de las autoridades competentes, es decir, a quienes les toca hacerlo\u2026 que sean competentes o incompetentes en su trabajo, \u00e9sa ya es una cuesti\u00f3n de cada quien, de cada persona, de cada grupo, de cada ente; recuerden: la percepci\u00f3n social juzga m\u00e1s r\u00e1pido y tajante que cualquier jurisprudente y con ella, no hay amparo que valga\u2026 la \u00f3ptica social ya tiene el veredicto sobre Winckler, sobre la Fiscal, sobre Cuitl\u00e1huac, sobre los jueces\u2026<\/p>\n\n\n\n<p>Por s\u00ed solo, a Jorge Winckler le toca en estos momentos el papel de villano\u2026 aunque cuando se dio la detenci\u00f3n de Javier Duarte de Ochoa le toc\u00f3 el papel de h\u00e9roe, por ser el que dio inicio con una carpeta de investigaci\u00f3n contra el cordob\u00e9s\u2026<\/p>\n\n\n\n<p>\u00bfQu\u00e9 pasar\u00eda si se diera la extradici\u00f3n de Karime para su proceso? \u00bfH\u00e9roe-villano?<\/p>\n\n\n\n<p>Ahora que si nos vamos a la situaci\u00f3n pol\u00edtica en la aprehensi\u00f3n de Jorge Winckler, ac\u00e1 nada m\u00e1s veo a un gan\u00f3n\u2026 y no es la Fiscal, mucho menos el Gobernador\u2026 es el presidente de la Junta de Coordinaci\u00f3n Pol\u00edtica, Juan Javier G\u00f3mez Cazar\u00edn, el mismo que dio el madruguete para sacar al Fiscal en Sesi\u00f3n Permanente del Congreso local\u2026<\/p>\n\n\n\n<p>Desde all\u00ed, desde ese momento, G\u00f3mez Cazar\u00edn expuso que con la Ley en la mano, con asesor\u00eda legal, con la revisi\u00f3n minuciosa de \u201clas letras chiquitas\u201d en cada uno de los apartados y art\u00edculos, iba a dar paso con huarache\u2026 tumbar a Jorge Winckler sin duda, ha sido uno de los golpes m\u00e1s certeros que dio Morena al PAN, su m\u00e1s fuerte contrincante en ese momento\u2026 al tiempo, por las rencillas al interior del mismo partido azul, \u00e9ste se fue debilitando a tal grado que pasada una Legislatura, a\u00fan acusa anemia pol\u00edtica\u2026<\/p>\n\n\n\n<p>Cazar\u00edn es una parte de lo que se entreteje en torno a la aprehensi\u00f3n de Winckler\u2026<\/p>\n\n\n\n<p>La otra parte es el famoso \u201cPacto\u201d entre los Yunes y el Poder\u2026 pero no Cuitl\u00e1huac\u2026 se est\u00e1 hablando del Poder a otro nivel\u2026 pero esto ser\u00e1 tema para otra columna, para otra ocasi\u00f3n\u2026 porque Winckler, de un modo u otro ser\u00e1 punto de partida para iniciar cantidad de columnas en torno a las Leyes, la Justicia, la Pol\u00edtica y el Poder\u2026<\/p>\n\n\n\n<p><a href=\"mailto:smcainito@gmail.com\" target=\"_blank\" rel=\"noreferrer noopener\">smcainito@gmail.com<\/a><\/p>\n","protected":false},"excerpt":{"rendered":"<p>Los Pol\u00edticos\u00a0 Salvador Mu\u00f1oz El Caso Winckler deber\u00eda de verse en un plano tan simple como \u201cSi es culpable, todo el peso de la Ley\u2026 si es Inocente, Libertad\u201d&#8230; pero lamentablemente la aplicaci\u00f3n de las Leyes a veces es tan distante a la aplicaci\u00f3n de la Justicia\u2026 parece lo mismo, pero no lo es\u2026 casos [&hellip;]<\/p>\n","protected":false},"author":1,"featured_media":387,"comment_status":"open","ping_status":"open","sticky":false,"template":"","format":"standard","meta":{"_jetpack_memberships_contains_paid_content":false,"footnotes":""},"categories":[11],"tags":[],"class_list":["post-29864","post","type-post","status-publish","format-standard","has-post-thumbnail","hentry","category-opinion"],"jetpack_featured_media_url":"https:\/\/encuentroinformativo.com.mx\/wp-content\/uploads\/2020\/03\/7CF8A22B-2764-47BE-8F7F-38FE9E5D6A2F.jpeg","jetpack_sharing_enabled":true,"jetpack_likes_enabled":true,"amp_enabled":true,"_links":{"self":[{"href":"https:\/\/encuentroinformativo.com.mx\/index.php?rest_route=\/wp\/v2\/posts\/29864","targetHints":{"allow":["GET"]}}],"collection":[{"href":"https:\/\/encuentroinformativo.com.mx\/index.php?rest_route=\/wp\/v2\/posts"}],"about":[{"href":"https:\/\/encuentroinformativo.com.mx\/index.php?rest_route=\/wp\/v2\/types\/post"}],"author":[{"embeddable":true,"href":"https:\/\/encuentroinformativo.com.mx\/index.php?rest_route=\/wp\/v2\/users\/1"}],"replies":[{"embeddable":true,"href":"https:\/\/encuentroinformativo.com.mx\/index.php?rest_route=%2Fwp%2Fv2%2Fcomments&post=29864"}],"version-history":[{"count":1,"href":"https:\/\/encuentroinformativo.com.mx\/index.php?rest_route=\/wp\/v2\/posts\/29864\/revisions"}],"predecessor-version":[{"id":29865,"href":"https:\/\/encuentroinformativo.com.mx\/index.php?rest_route=\/wp\/v2\/posts\/29864\/revisions\/29865"}],"wp:featuredmedia":[{"embeddable":true,"href":"https:\/\/encuentroinformativo.com.mx\/index.php?rest_route=\/wp\/v2\/media\/387"}],"wp:attachment":[{"href":"https:\/\/encuentroinformativo.com.mx\/index.php?rest_route=%2Fwp%2Fv2%2Fmedia&parent=29864"}],"wp:term":[{"taxonomy":"category","embeddable":true,"href":"https:\/\/encuentroinformativo.com.mx\/index.php?rest_route=%2Fwp%2Fv2%2Fcategories&post=29864"},{"taxonomy":"post_tag","embeddable":true,"href":"https:\/\/encuentroinformativo.com.mx\/index.php?rest_route=%2Fwp%2Fv2%2Ftags&post=29864"}],"curies":[{"name":"wp","href":"https:\/\/api.w.org\/{rel}","templated":true}]}}