{"id":29866,"date":"2022-07-27T11:39:02","date_gmt":"2022-07-27T16:39:02","guid":{"rendered":"https:\/\/encuentroinformativo.com.mx\/?p=29866"},"modified":"2022-07-27T11:39:06","modified_gmt":"2022-07-27T16:39:06","slug":"la-medium-mafer-walker-estara-en-veracruz-puerto","status":"publish","type":"post","link":"https:\/\/encuentroinformativo.com.mx\/?p=29866","title":{"rendered":"La medium Mafer Walker estar\u00e1 en Veracruz Puerto"},"content":{"rendered":"\n<p><strong>Alejandro \u00c1vila<\/strong><\/p>\n\n\n\n<p>Veracruz, Ver.- La m\u00e9dium interdimensional colombiana, Mafer Walker, estar\u00e1 de visita en el puerto de Veracruz el pr\u00f3ximo viernes 29 de julio.<\/p>\n\n\n\n<p>Ser\u00e1 Bugambilia Queer Bar ubicado en el bulevar &#8220;Manuel \u00c1vila Camacho&#8221; esquina con avenida Primero de Mayo, quien la reciba para conectarse sensorialmente con sus fans.<\/p>\n\n\n\n<p>Mafer Walker se hizo famosa en redes sociales tras aparecer en un programa de televisi\u00f3n mexicano, donde mostr\u00f3 un lenguaje con el cual se podr\u00eda comunicar con los extraterrestres.<\/p>\n\n\n\n<p>La colombiana tiene a\u00f1os estudiando temas relacionados a la energ\u00eda y campos electromagn\u00e9ticos en los seres humanos; as\u00ed como las vibraciones solares.<\/p>\n\n\n\n<p>Incluso asegura que puede abrir portales interdimensionales e interpretarlos; de la misma manera, da cursos en las personas, para beneficiarse de energ\u00eda del planeta y otros elementos.<\/p>\n\n\n\n<p>A trav\u00e9s de un video en las redes sociales Bugambilia Queer Bar, Mafer Walker invitan con todos sus seguidores a que asistan a su presentaci\u00f3n del pr\u00f3ximo viernes.<\/p>\n","protected":false},"excerpt":{"rendered":"<p>Alejandro \u00c1vila Veracruz, Ver.- La m\u00e9dium interdimensional colombiana, Mafer Walker, estar\u00e1 de visita en el puerto de Veracruz el pr\u00f3ximo viernes 29 de julio. Ser\u00e1 Bugambilia Queer Bar ubicado en el bulevar &#8220;Manuel \u00c1vila Camacho&#8221; esquina con avenida Primero de Mayo, quien la reciba para conectarse sensorialmente con sus fans. Mafer Walker se hizo famosa [&hellip;]<\/p>\n","protected":false},"author":1,"featured_media":29867,"comment_status":"open","ping_status":"open","sticky":false,"template":"","format":"standard","meta":{"_jetpack_memberships_contains_paid_content":false,"footnotes":""},"categories":[2],"tags":[],"class_list":["post-29866","post","type-post","status-publish","format-standard","has-post-thumbnail","hentry","category-estado"],"jetpack_featured_media_url":"https:\/\/encuentroinformativo.com.mx\/wp-content\/uploads\/2022\/07\/3904FF22-D101-4B60-B545-71BC01FEA9FD.jpeg","jetpack_sharing_enabled":true,"jetpack_likes_enabled":true,"amp_enabled":true,"_links":{"self":[{"href":"https:\/\/encuentroinformativo.com.mx\/index.php?rest_route=\/wp\/v2\/posts\/29866","targetHints":{"allow":["GET"]}}],"collection":[{"href":"https:\/\/encuentroinformativo.com.mx\/index.php?rest_route=\/wp\/v2\/posts"}],"about":[{"href":"https:\/\/encuentroinformativo.com.mx\/index.php?rest_route=\/wp\/v2\/types\/post"}],"author":[{"embeddable":true,"href":"https:\/\/encuentroinformativo.com.mx\/index.php?rest_route=\/wp\/v2\/users\/1"}],"replies":[{"embeddable":true,"href":"https:\/\/encuentroinformativo.com.mx\/index.php?rest_route=%2Fwp%2Fv2%2Fcomments&post=29866"}],"version-history":[{"count":1,"href":"https:\/\/encuentroinformativo.com.mx\/index.php?rest_route=\/wp\/v2\/posts\/29866\/revisions"}],"predecessor-version":[{"id":29868,"href":"https:\/\/encuentroinformativo.com.mx\/index.php?rest_route=\/wp\/v2\/posts\/29866\/revisions\/29868"}],"wp:featuredmedia":[{"embeddable":true,"href":"https:\/\/encuentroinformativo.com.mx\/index.php?rest_route=\/wp\/v2\/media\/29867"}],"wp:attachment":[{"href":"https:\/\/encuentroinformativo.com.mx\/index.php?rest_route=%2Fwp%2Fv2%2Fmedia&parent=29866"}],"wp:term":[{"taxonomy":"category","embeddable":true,"href":"https:\/\/encuentroinformativo.com.mx\/index.php?rest_route=%2Fwp%2Fv2%2Fcategories&post=29866"},{"taxonomy":"post_tag","embeddable":true,"href":"https:\/\/encuentroinformativo.com.mx\/index.php?rest_route=%2Fwp%2Fv2%2Ftags&post=29866"}],"curies":[{"name":"wp","href":"https:\/\/api.w.org\/{rel}","templated":true}]}}