{"id":29869,"date":"2022-07-27T11:41:59","date_gmt":"2022-07-27T16:41:59","guid":{"rendered":"https:\/\/encuentroinformativo.com.mx\/?p=29869"},"modified":"2022-07-27T11:42:02","modified_gmt":"2022-07-27T16:42:02","slug":"despues-de-11-anos-el-padre-de-los-migrantes-deja-iglesia-santa-ana","status":"publish","type":"post","link":"https:\/\/encuentroinformativo.com.mx\/?p=29869","title":{"rendered":"Despu\u00e9s de 11 a\u00f1os &#8220;El Padre de los Migrantes&#8221; deja iglesia Santa Ana"},"content":{"rendered":"\n<p><strong>Alejandro \u00c1vila<\/strong><\/p>\n\n\n\n<p>Boca del R\u00edo, Ver.- El sacerdote Cecilio Herrera Moreno dejar\u00e1 de oficiar misa en la iglesia Santa Ana de la cabecera municipal de Boca del R\u00edo, tras 11 a\u00f1os ininterrumpidos de realizar acciones a favor de la comunidad.<\/p>\n\n\n\n<p>El padre Cecilio es sumamente querido por sus feligreses, pues no solo ayud\u00f3 a levantar la iglesia, sino que trabaj\u00f3 hasta conseguir realizar un refugio para personas sin hogar y migrantes, hoy conocido como &#8220;Casa Santa Ana&#8221;.<\/p>\n\n\n\n<p>Este martes realiz\u00f3 en compa\u00f1\u00eda de las autoridades municipales, su \u00faltimo paseo acu\u00e1tico en el r\u00edo Jamapa, donde pasearon a la patrona del municipio, Santa Ana.<\/p>\n\n\n\n<p>Previo al pase acu\u00e1tico se realiz\u00f3 la Misa de los Abuelos, la cual estuvo oficiada por el obispo Carlos Brise\u00f1o Arch.<\/p>\n\n\n\n<p>Al t\u00e9rmino de la liturgia, el alcalde, Juan Manuel Un\u00e1nue Abascal, y la presidenta del DIF Municipal de Boca del R\u00edo, Melina Rivera Robert, entregaron un reconocimiento al padre, Cecilio Herrera Moreno, quien tras once a\u00f1os de trabajo al frente de la Parroquia de Santa Ana, deja la tradicional iglesia, para continuar su labor de Fe en el municipio de Veracruz.<\/p>\n\n\n\n<p>\u201cUna ardua labor en la comunidad y del pueblo boque\u00f1o en beneficio de las personas m\u00e1s necesitadas\u201d, adem\u00e1s de ser el fundador del proyecto de \u201cLa Casa Santa Ana\u201d, destac\u00f3 el ejecutivo municipal.<\/p>\n","protected":false},"excerpt":{"rendered":"<p>Alejandro \u00c1vila Boca del R\u00edo, Ver.- El sacerdote Cecilio Herrera Moreno dejar\u00e1 de oficiar misa en la iglesia Santa Ana de la cabecera municipal de Boca del R\u00edo, tras 11 a\u00f1os ininterrumpidos de realizar acciones a favor de la comunidad. El padre Cecilio es sumamente querido por sus feligreses, pues no solo ayud\u00f3 a levantar [&hellip;]<\/p>\n","protected":false},"author":1,"featured_media":29870,"comment_status":"open","ping_status":"open","sticky":false,"template":"","format":"standard","meta":{"_jetpack_memberships_contains_paid_content":false,"footnotes":""},"categories":[2],"tags":[],"class_list":["post-29869","post","type-post","status-publish","format-standard","has-post-thumbnail","hentry","category-estado"],"jetpack_featured_media_url":"https:\/\/encuentroinformativo.com.mx\/wp-content\/uploads\/2022\/07\/890988FB-DDE3-46F9-A62D-5292EF382BCC.jpeg","jetpack_sharing_enabled":true,"jetpack_likes_enabled":true,"amp_enabled":true,"_links":{"self":[{"href":"https:\/\/encuentroinformativo.com.mx\/index.php?rest_route=\/wp\/v2\/posts\/29869","targetHints":{"allow":["GET"]}}],"collection":[{"href":"https:\/\/encuentroinformativo.com.mx\/index.php?rest_route=\/wp\/v2\/posts"}],"about":[{"href":"https:\/\/encuentroinformativo.com.mx\/index.php?rest_route=\/wp\/v2\/types\/post"}],"author":[{"embeddable":true,"href":"https:\/\/encuentroinformativo.com.mx\/index.php?rest_route=\/wp\/v2\/users\/1"}],"replies":[{"embeddable":true,"href":"https:\/\/encuentroinformativo.com.mx\/index.php?rest_route=%2Fwp%2Fv2%2Fcomments&post=29869"}],"version-history":[{"count":1,"href":"https:\/\/encuentroinformativo.com.mx\/index.php?rest_route=\/wp\/v2\/posts\/29869\/revisions"}],"predecessor-version":[{"id":29871,"href":"https:\/\/encuentroinformativo.com.mx\/index.php?rest_route=\/wp\/v2\/posts\/29869\/revisions\/29871"}],"wp:featuredmedia":[{"embeddable":true,"href":"https:\/\/encuentroinformativo.com.mx\/index.php?rest_route=\/wp\/v2\/media\/29870"}],"wp:attachment":[{"href":"https:\/\/encuentroinformativo.com.mx\/index.php?rest_route=%2Fwp%2Fv2%2Fmedia&parent=29869"}],"wp:term":[{"taxonomy":"category","embeddable":true,"href":"https:\/\/encuentroinformativo.com.mx\/index.php?rest_route=%2Fwp%2Fv2%2Fcategories&post=29869"},{"taxonomy":"post_tag","embeddable":true,"href":"https:\/\/encuentroinformativo.com.mx\/index.php?rest_route=%2Fwp%2Fv2%2Ftags&post=29869"}],"curies":[{"name":"wp","href":"https:\/\/api.w.org\/{rel}","templated":true}]}}