{"id":29885,"date":"2022-07-27T11:34:08","date_gmt":"2022-07-27T16:34:08","guid":{"rendered":"https:\/\/encuentroinformativo.com.mx\/?p=29885"},"modified":"2022-07-27T14:40:15","modified_gmt":"2022-07-27T19:40:15","slug":"pavimentan-el-camino-ixcoalco-las-balsas","status":"publish","type":"post","link":"https:\/\/encuentroinformativo.com.mx\/?p=29885","title":{"rendered":"Pavimentan el camino Ixcoalco &#8211; Las Balsas"},"content":{"rendered":"\n<p><strong>Alejandro \u00c1vila<\/strong><\/p>\n\n\n\n<p>Medell\u00edn de Bravo, Ver.- Veinte a\u00f1os tuvieron que pasar para que finalmente se concretar\u00e1 la pavimentaci\u00f3n del camino Ixcoalco &#8211; Las Balsas, mismo que beneficiar\u00e1 tambi\u00e9n a las localidades de Potrerillo y Lomas de Guerrero en el municipio de Medell\u00edn de Bravo.<\/p>\n\n\n\n<p>El alcalde, Marcos Isle\u00f1o Andrade en compa\u00f1\u00eda de la directora de Obras P\u00fablicas, Patricia Silva, acudieron la ma\u00f1ana de este mi\u00e9rcoles a supervisar la obra, qu\u00e9 tendr\u00e1 una duraci\u00f3n de aproximadamente 20 d\u00edas, y donde se pavimentar\u00e1n 2.6 kil\u00f3metros.<\/p>\n\n\n\n<p>&#8220;Tanto que so\u00f1\u00e1bamos, esper\u00e1bamos, los que somos nacidos y criados aqu\u00ed, que hemos caminado en este lodacero que ten\u00edamos, ahora gracias a Dios y al alcalde que tenemos ahorita, se hizo el camino de tanta espera de m\u00e1s de 20 a\u00f1os&#8221;, mencion\u00f3 Don Julio Mart\u00ednez, uno de los vecinos beneficiados.<\/p>\n\n\n\n<p>Por su parte el encargado de la obra, Juli\u00e1n Nava declar\u00f3 que, al momento llevan un avance de 700 metros y, al finalizar la siguiente semana habr\u00e1n concluido 1.6 kil\u00f3metro de pavimentaci\u00f3n; esperando qu\u00e9, antes de la primer quincena del mes de agosto se pueda entregar la obra completada.<\/p>\n\n\n\n<p>&#8220;Son 2.6 kil\u00f3metros hasta llegar a la carretera que va de Medell\u00edn hacia Jamapa. La verdad es que estamos muy contentos de que ya se haya empezado la pavimentaci\u00f3n, en una semana estaremos concluyendo 1.6 kil\u00f3metros y, un kil\u00f3metro m\u00e1s a partir de la siguiente semana, comentarles que es un compromiso tambi\u00e9n de campa\u00f1a que se hizo, y que estamos cumpliendo&#8221;, puntualiz\u00f3 el presidente municipal, Marcos Isle\u00f1o Andrade, a trav\u00e9s de un video mostrado en sus redes sociales.<\/p>\n","protected":false},"excerpt":{"rendered":"<p>Alejandro \u00c1vila Medell\u00edn de Bravo, Ver.- Veinte a\u00f1os tuvieron que pasar para que finalmente se concretar\u00e1 la pavimentaci\u00f3n del camino Ixcoalco &#8211; Las Balsas, mismo que beneficiar\u00e1 tambi\u00e9n a las localidades de Potrerillo y Lomas de Guerrero en el municipio de Medell\u00edn de Bravo. El alcalde, Marcos Isle\u00f1o Andrade en compa\u00f1\u00eda de la directora de [&hellip;]<\/p>\n","protected":false},"author":1,"featured_media":29886,"comment_status":"open","ping_status":"open","sticky":false,"template":"","format":"standard","meta":{"_jetpack_memberships_contains_paid_content":false,"footnotes":""},"categories":[2],"tags":[],"class_list":["post-29885","post","type-post","status-publish","format-standard","has-post-thumbnail","hentry","category-estado"],"jetpack_featured_media_url":"https:\/\/encuentroinformativo.com.mx\/wp-content\/uploads\/2022\/07\/228305C8-F490-47D3-84AF-EAF2BC17E8AA.jpeg","jetpack_sharing_enabled":true,"jetpack_likes_enabled":true,"amp_enabled":true,"_links":{"self":[{"href":"https:\/\/encuentroinformativo.com.mx\/index.php?rest_route=\/wp\/v2\/posts\/29885","targetHints":{"allow":["GET"]}}],"collection":[{"href":"https:\/\/encuentroinformativo.com.mx\/index.php?rest_route=\/wp\/v2\/posts"}],"about":[{"href":"https:\/\/encuentroinformativo.com.mx\/index.php?rest_route=\/wp\/v2\/types\/post"}],"author":[{"embeddable":true,"href":"https:\/\/encuentroinformativo.com.mx\/index.php?rest_route=\/wp\/v2\/users\/1"}],"replies":[{"embeddable":true,"href":"https:\/\/encuentroinformativo.com.mx\/index.php?rest_route=%2Fwp%2Fv2%2Fcomments&post=29885"}],"version-history":[{"count":1,"href":"https:\/\/encuentroinformativo.com.mx\/index.php?rest_route=\/wp\/v2\/posts\/29885\/revisions"}],"predecessor-version":[{"id":29887,"href":"https:\/\/encuentroinformativo.com.mx\/index.php?rest_route=\/wp\/v2\/posts\/29885\/revisions\/29887"}],"wp:featuredmedia":[{"embeddable":true,"href":"https:\/\/encuentroinformativo.com.mx\/index.php?rest_route=\/wp\/v2\/media\/29886"}],"wp:attachment":[{"href":"https:\/\/encuentroinformativo.com.mx\/index.php?rest_route=%2Fwp%2Fv2%2Fmedia&parent=29885"}],"wp:term":[{"taxonomy":"category","embeddable":true,"href":"https:\/\/encuentroinformativo.com.mx\/index.php?rest_route=%2Fwp%2Fv2%2Fcategories&post=29885"},{"taxonomy":"post_tag","embeddable":true,"href":"https:\/\/encuentroinformativo.com.mx\/index.php?rest_route=%2Fwp%2Fv2%2Ftags&post=29885"}],"curies":[{"name":"wp","href":"https:\/\/api.w.org\/{rel}","templated":true}]}}