{"id":29888,"date":"2022-07-27T20:37:57","date_gmt":"2022-07-28T01:37:57","guid":{"rendered":"https:\/\/encuentroinformativo.com.mx\/?p=29888"},"modified":"2022-07-27T20:38:00","modified_gmt":"2022-07-28T01:38:00","slug":"acusan-colectivos-extravio-de-carpetas-de-investigacion","status":"publish","type":"post","link":"https:\/\/encuentroinformativo.com.mx\/?p=29888","title":{"rendered":"Acusan Colectivos extrav\u00edo de carpetas de investigaci\u00f3n"},"content":{"rendered":"\n<p><strong>Juan Arcos<\/strong><\/p>\n\n\n\n<p>Xalapa, Ver.- Familiares de desaparecidos denunciaron que durante varias administraciones la Fiscal\u00eda General del Estado (FGE) incurri\u00f3 en diversas anomal\u00edas, como el extrav\u00edo de carpetas de investigaci\u00f3n y de pruebas de ADN para la identificaci\u00f3n de restos humanos hallados en fosas clandestinas.<\/p>\n\n\n\n<p>Despu\u00e9s de las 15:00 horas de este mi\u00e9rcoles, decenas de integrantes de colectivos de b\u00fasqueda marcharon del pante\u00f3n Palo Verde al centro de la ciudad de Xalapa para exigir avances en las investigaciones en los casos registrados durante el mes de julio, en a\u00f1os anteriores.<\/p>\n\n\n\n<p>En el colectivo Familiares Enlaces Xalapa dan seguimiento a siete casos de desaparecidos registrados en distintos municipios de la entidad.<\/p>\n\n\n\n<p>Se trata de Arturo L\u00f3pez Hern\u00e1ndez, No\u00e9 Joaqu\u00edn Soriano Sarabia, as\u00ed como de los cinco j\u00f3venes levantados en el bar \u201cMichelukas\u201d, ubicado en Palo Gacho, municipio de Emiliano Zapata: Cedrick Abdiel Ram\u00edrez Aguilar de 19 a\u00f1os, Iv\u00e1n Aurelio Aguilar Villa de 26 a\u00f1os; Mario Figueroa Dom\u00ednguez de 32 a\u00f1os; Iv\u00e1n de Jes\u00fas Sosa Lagunes de 32 a\u00f1os, y Marco Javier Reyes con edad de 30 a\u00f1os.<\/p>\n\n\n\n<p>De acuerdo con Victoria Delgadillo Romero, integrante del colectivo, la Fiscal\u00eda de Veracruz ha sido omisa en sus funciones, pues no hay indicios para la localizaci\u00f3n de estas personas.<\/p>\n\n\n\n<p>Los manifestantes portaban pancartas con mensajes de esperanza y para dar a conocer que las familias continuar\u00e1n en la b\u00fasqueda.<\/p>\n\n\n\n<p>Otros casos datan del a\u00f1o 2008 y ocurrieron en la ciudad de Xalapa; sin embargo, los familiares a\u00fan no saben nada sobre ah paradero.<\/p>\n\n\n\n<p>\u201c\u00bfD\u00f3nde est\u00e1n nuestros hijos, d\u00f3nde est\u00e1n?\u201d y \u201c\u00fanete que tu hijo puede ser\u201d, fueron algunas de las consigas que lanzaron durante su protesta.<\/p>\n","protected":false},"excerpt":{"rendered":"<p>Juan Arcos Xalapa, Ver.- Familiares de desaparecidos denunciaron que durante varias administraciones la Fiscal\u00eda General del Estado (FGE) incurri\u00f3 en diversas anomal\u00edas, como el extrav\u00edo de carpetas de investigaci\u00f3n y de pruebas de ADN para la identificaci\u00f3n de restos humanos hallados en fosas clandestinas. Despu\u00e9s de las 15:00 horas de este mi\u00e9rcoles, decenas de integrantes [&hellip;]<\/p>\n","protected":false},"author":1,"featured_media":29889,"comment_status":"open","ping_status":"open","sticky":false,"template":"","format":"standard","meta":{"_jetpack_memberships_contains_paid_content":false,"footnotes":""},"categories":[3],"tags":[],"class_list":["post-29888","post","type-post","status-publish","format-standard","has-post-thumbnail","hentry","category-xalapa"],"jetpack_featured_media_url":"https:\/\/encuentroinformativo.com.mx\/wp-content\/uploads\/2022\/07\/8A8C343B-6649-436E-B80E-7C8B2BEB0BC5.jpeg","jetpack_sharing_enabled":true,"jetpack_likes_enabled":true,"amp_enabled":true,"_links":{"self":[{"href":"https:\/\/encuentroinformativo.com.mx\/index.php?rest_route=\/wp\/v2\/posts\/29888","targetHints":{"allow":["GET"]}}],"collection":[{"href":"https:\/\/encuentroinformativo.com.mx\/index.php?rest_route=\/wp\/v2\/posts"}],"about":[{"href":"https:\/\/encuentroinformativo.com.mx\/index.php?rest_route=\/wp\/v2\/types\/post"}],"author":[{"embeddable":true,"href":"https:\/\/encuentroinformativo.com.mx\/index.php?rest_route=\/wp\/v2\/users\/1"}],"replies":[{"embeddable":true,"href":"https:\/\/encuentroinformativo.com.mx\/index.php?rest_route=%2Fwp%2Fv2%2Fcomments&post=29888"}],"version-history":[{"count":1,"href":"https:\/\/encuentroinformativo.com.mx\/index.php?rest_route=\/wp\/v2\/posts\/29888\/revisions"}],"predecessor-version":[{"id":29890,"href":"https:\/\/encuentroinformativo.com.mx\/index.php?rest_route=\/wp\/v2\/posts\/29888\/revisions\/29890"}],"wp:featuredmedia":[{"embeddable":true,"href":"https:\/\/encuentroinformativo.com.mx\/index.php?rest_route=\/wp\/v2\/media\/29889"}],"wp:attachment":[{"href":"https:\/\/encuentroinformativo.com.mx\/index.php?rest_route=%2Fwp%2Fv2%2Fmedia&parent=29888"}],"wp:term":[{"taxonomy":"category","embeddable":true,"href":"https:\/\/encuentroinformativo.com.mx\/index.php?rest_route=%2Fwp%2Fv2%2Fcategories&post=29888"},{"taxonomy":"post_tag","embeddable":true,"href":"https:\/\/encuentroinformativo.com.mx\/index.php?rest_route=%2Fwp%2Fv2%2Ftags&post=29888"}],"curies":[{"name":"wp","href":"https:\/\/api.w.org\/{rel}","templated":true}]}}