{"id":29900,"date":"2022-07-28T10:57:33","date_gmt":"2022-07-28T15:57:33","guid":{"rendered":"https:\/\/encuentroinformativo.com.mx\/?p=29900"},"modified":"2022-07-28T10:57:37","modified_gmt":"2022-07-28T15:57:37","slug":"los-motivos-de-luz","status":"publish","type":"post","link":"https:\/\/encuentroinformativo.com.mx\/?p=29900","title":{"rendered":"Los motivos de Luz"},"content":{"rendered":"\n<p><strong>Los Pol\u00edticos<\/strong>\u00a0<\/p>\n\n\n\n<p><strong>Salvador Mu\u00f1oz<\/strong><\/p>\n\n\n\n<p>Veo los videos que la Fiscal\u00eda de Jalisco presenta en el caso de Luz, mujer que muri\u00f3 quemada. Las autoridades ministeriales abren una nueva l\u00ednea de investigaci\u00f3n que lleva a un \u201cautoatentado\u201d por parte de esta mujer. Hay videos que exponen a Luz comprando alcohol as\u00ed como un encendedor. Del mismo modo, hay otro donde Luz mueve una videoc\u00e1mara en el lugar donde vive, y posteriormente aparecen pintas donde la amenazan de muerte. A donde quiere ir la Fiscal\u00eda es que Luz buscaba que sus vecinos, con los que tuvo conflictos, fueran se\u00f1alados de las amenazas en su contra y adem\u00e1s, y que ella se infligi\u00f3 las quemaduras que la llevaron a la muerte.<\/p>\n\n\n\n<p>Suponiendo sin conceder que es certera la \u00faltima l\u00ednea de investigaci\u00f3n de la Fiscal\u00eda, deber\u00eda de llevar a preguntarnos qu\u00e9 obliga a una mujer que est\u00e1 al cien por ciento entregada al cuidado de su hijo con espectro autista, a actuar de esa manera.<\/p>\n\n\n\n<p>Hablamos de lo que en los medios nos enteramos. Tanto Luz como sus vecinos ten\u00edan conflictos muy propios de la convivencia y muchos hemos de entender que la vecindad a veces no es el para\u00edso que uno quisiera.<\/p>\n\n\n\n<p>Sabemos que tanto vecinos como Luz llevaron sus problemas ante instancias judiciales y todo indica que no hubo soluci\u00f3n\u2026<\/p>\n\n\n\n<p>Lo que no sabemos, si damos el beneficio de la duda a la Fiscal\u00eda de Jalisco, el qu\u00e9, cu\u00e1ndo y por qu\u00e9 Luz se ve obligada, decide, o como usted quiera llamarlo, a actuar de ese modo\u2026 siendo tersos, de manera desesperada; siendo fr\u00edos, desequilibrante\u2026<\/p>\n\n\n\n<p>No se pretende denostar de ning\u00fan modo la memoria de Luz pero s\u00ed exponer, d\u00e1ndole el beneficio de la duda a la Fiscal\u00eda, que algo, alguien, en el proceso de la pugna judicial, rompi\u00f3 algo en el interior de Luz\u2026 si no es que antes ya iba quebrada.<\/p>\n\n\n\n<p>Todos los individuos en s\u00ed, somos una bomba de tiempo andante a la que s\u00f3lo le falta el reactivo \u201ccorrecto\u201d para reventar\u2026<\/p>\n\n\n\n<p>La salud mental y lo judicial aparentemente no tienen nada que ver pero van ligadas, aunque s\u00f3lo se entreveran en las consecuencias\u2026<\/p>\n\n\n\n<p>Por eso vemos a mujeres que matan a sus esposos o maridos que asesinan a sus mujeres; por eso vemos padres que ultiman a sus hijos y luego se suicidan o madres que acaban con la vida de sus v\u00e1stagos para despu\u00e9s, hacer lo mismo con la suya\u2026<\/p>\n\n\n\n<p>Y a pesar de que hay \u201cPol\u00edticas de Salud Mental\u201d (supongo que debe haberlas, espero que s\u00ed las haya), nuestras autoridades judiciales como de salud a veces parece que no entienden lo mucho que podr\u00edan hacer si actuaran en conjunto, invirtieran recurso humano para la visualizaci\u00f3n de posibles hechos\u2026 dijera Cheko Guti\u00e9rrez Luna: \u201cMinority Report\u201d.<\/p>\n\n\n\n<p>\u00bfA qu\u00e9 voy?<\/p>\n\n\n\n<p>La denuncia de una mujer no debe quedar en un papel\u2026 tampoco en llamar a los involucrados para dirimir sus problemas desde la comodidad de un sill\u00f3n\u2026 qu\u00e9 pasa si un agente ministerial, acompa\u00f1ado de un psic\u00f3logo o trabajador social, acuden al domicilio de Luz para escucharla all\u00ed, en su entorno, en su mundo, en su cotidianidad\u2026 se trata de entender la realidad del sujeto, percibirla, cual si se estuviera uno poniendo en sus zapatos\u2026<\/p>\n\n\n\n<p>A lo mejor se podr\u00eda ver que Luz no s\u00f3lo ten\u00eda un problema con los vecinos\u2026 sino que ten\u00eda problemas econ\u00f3micos, que ten\u00eda que atender problemas de salud no s\u00f3lo de su hijo, sino para ella y el resto de su familia\u2026 a lo mejor, s\u00f3lo quer\u00eda ser escuchada\u2026<\/p>\n\n\n\n<p>Manteniendo sin conceder la l\u00ednea de investigaci\u00f3n de la Fiscal\u00eda de Jalisco, bien valdr\u00eda preguntar entonces \u00bfpor qu\u00e9 quemarse?<\/p>\n\n\n\n<p>Dos ejemplos recientes: En Oaxaca, hace ya un tiempo, la cara de Mar\u00eda Elena fue desfigurada con \u00e1cido\u2026 hace unos d\u00edas se manifest\u00f3 en la Guelaguetza y fue reprimida; Margarita, en Morelos, muere tras ser quemada con gasolina por un familiar\u2026 pero Animal Pol\u00edtico da un dato alarmante:<\/p>\n\n\n\n<p>\u201cEntre enero y junio de 2022, al menos 47 mujeres fueron quemadas de manera intencional en M\u00e9xico (&#8230;) En 29 casos, la paciente manifest\u00f3 que hubo violencia familiar y en 18 no hubo un parentesco con el agresor\u201d.<\/p>\n\n\n\n<p>S\u00f3lo en 28 de los casos las autoridades de Salud informaron ante el Ministerio P\u00fablico que hab\u00edan atendido las lesiones causadas de manera intencional.<\/p>\n\n\n\n<p>Sobre la edad de las v\u00edctimas, Salud registr\u00f3 que 13 de ellas (27.66%) ten\u00edan 17 a\u00f1os o menos, una de tan solo meses de nacida. En el 72.36% se trat\u00f3 de mujeres de 18 a\u00f1os o m\u00e1s. Hasta ac\u00e1 los datos de Animal Pol\u00edtico.<\/p>\n\n\n\n<p>Se dice que uno, es un incidente; que dos, una casualidad; pero tres se convierte en un patr\u00f3n\u2026 estoy convencido de que la salud mental de nuestra sociedad pende de hilos\u2026 Ojal\u00e1 que el caso de Luz sea un parteaguas para que los denunciantes sean vistos m\u00e1s como personas y no como una carpeta m\u00e1s con un n\u00famero destinada a ser parte de una estad\u00edstica\u2026<\/p>\n\n\n\n<p><a href=\"mailto:smcainito@gmail.com\" target=\"_blank\" rel=\"noreferrer noopener\">smcainito@gmail.com<\/a><\/p>\n","protected":false},"excerpt":{"rendered":"<p>Los Pol\u00edticos\u00a0 Salvador Mu\u00f1oz Veo los videos que la Fiscal\u00eda de Jalisco presenta en el caso de Luz, mujer que muri\u00f3 quemada. Las autoridades ministeriales abren una nueva l\u00ednea de investigaci\u00f3n que lleva a un \u201cautoatentado\u201d por parte de esta mujer. Hay videos que exponen a Luz comprando alcohol as\u00ed como un encendedor. Del mismo [&hellip;]<\/p>\n","protected":false},"author":1,"featured_media":387,"comment_status":"open","ping_status":"open","sticky":false,"template":"","format":"standard","meta":{"_jetpack_memberships_contains_paid_content":false,"footnotes":""},"categories":[11],"tags":[],"class_list":["post-29900","post","type-post","status-publish","format-standard","has-post-thumbnail","hentry","category-opinion"],"jetpack_featured_media_url":"https:\/\/encuentroinformativo.com.mx\/wp-content\/uploads\/2020\/03\/7CF8A22B-2764-47BE-8F7F-38FE9E5D6A2F.jpeg","jetpack_sharing_enabled":true,"jetpack_likes_enabled":true,"amp_enabled":true,"_links":{"self":[{"href":"https:\/\/encuentroinformativo.com.mx\/index.php?rest_route=\/wp\/v2\/posts\/29900","targetHints":{"allow":["GET"]}}],"collection":[{"href":"https:\/\/encuentroinformativo.com.mx\/index.php?rest_route=\/wp\/v2\/posts"}],"about":[{"href":"https:\/\/encuentroinformativo.com.mx\/index.php?rest_route=\/wp\/v2\/types\/post"}],"author":[{"embeddable":true,"href":"https:\/\/encuentroinformativo.com.mx\/index.php?rest_route=\/wp\/v2\/users\/1"}],"replies":[{"embeddable":true,"href":"https:\/\/encuentroinformativo.com.mx\/index.php?rest_route=%2Fwp%2Fv2%2Fcomments&post=29900"}],"version-history":[{"count":1,"href":"https:\/\/encuentroinformativo.com.mx\/index.php?rest_route=\/wp\/v2\/posts\/29900\/revisions"}],"predecessor-version":[{"id":29901,"href":"https:\/\/encuentroinformativo.com.mx\/index.php?rest_route=\/wp\/v2\/posts\/29900\/revisions\/29901"}],"wp:featuredmedia":[{"embeddable":true,"href":"https:\/\/encuentroinformativo.com.mx\/index.php?rest_route=\/wp\/v2\/media\/387"}],"wp:attachment":[{"href":"https:\/\/encuentroinformativo.com.mx\/index.php?rest_route=%2Fwp%2Fv2%2Fmedia&parent=29900"}],"wp:term":[{"taxonomy":"category","embeddable":true,"href":"https:\/\/encuentroinformativo.com.mx\/index.php?rest_route=%2Fwp%2Fv2%2Fcategories&post=29900"},{"taxonomy":"post_tag","embeddable":true,"href":"https:\/\/encuentroinformativo.com.mx\/index.php?rest_route=%2Fwp%2Fv2%2Ftags&post=29900"}],"curies":[{"name":"wp","href":"https:\/\/api.w.org\/{rel}","templated":true}]}}