{"id":29905,"date":"2022-07-28T11:28:17","date_gmt":"2022-07-28T16:28:17","guid":{"rendered":"https:\/\/encuentroinformativo.com.mx\/?p=29905"},"modified":"2022-07-28T11:28:21","modified_gmt":"2022-07-28T16:28:21","slug":"promueve-diputado-creacion-del-fondo-estatal-de-fortalecimiento-de-la-seguridad-publica-municipal","status":"publish","type":"post","link":"https:\/\/encuentroinformativo.com.mx\/?p=29905","title":{"rendered":"Promueve diputado creaci\u00f3n del Fondo Estatal de Fortalecimiento de la Seguridad P\u00fablica Municipal"},"content":{"rendered":"\n<p><strong>Alejandro \u00c1vila<\/strong><\/p>\n\n\n\n<p>Boca del R\u00edo, Ver.- La percepci\u00f3n de inseguridad de los veracruzanos ha incrementado durante los \u00faltimos meses, seg\u00fan el reporte del INEGI; ante esta situaci\u00f3n, el diputado local, Jaime de la Garza Mart\u00ednez, present\u00f3 la iniciativa para la creaci\u00f3n del Fondo Estatal de Fortalecimiento de la Seguridad P\u00fablica Municipal.<\/p>\n\n\n\n<p>Este proyecto tiene como objetivo, la creaci\u00f3n nuevas plazas operativas, aumento en la plantilla vehicular, dotaci\u00f3n de uniformes, adquisici\u00f3n de armamento e insumos y servicios b\u00e1sicos para cuerpos policiales.<\/p>\n\n\n\n<p>El legislador panista asegur\u00f3 que, la intenci\u00f3n es sumar esfuerzos con el Gobierno Estatal y Federal, a fin de brindar un mejor servicio a la ciudadan\u00eda.<\/p>\n\n\n\n<p>De esta manera se adicionar\u00eda el art\u00edculo 38 bis a la Ley del Sistema Estatal de Seguridad P\u00fablica para el Estado de Veracruz de Ignacio de la Llave; por lo que el Fondo Estatal para el Fortalecimiento de la Seguridad P\u00fablica Municipal se constituir\u00e1 con recursos estatales, mismos que ser\u00e1n determinados anualmente en la Ley del Presupuesto de Egresos del Estado.&nbsp;<\/p>\n\n\n\n<p>Jaime de la Garza explic\u00f3 que, tal como en la Ley del Presupuesto de Egresos del Estado de cada ejercicio fiscal, se har\u00e1 la distribuci\u00f3n de los recursos estatales que integran este Fondo entre los distintos rubros de gasto del Sistema Estatal de Seguridad P\u00fablica aprobados por el Consejo Estatal.&nbsp;<\/p>\n\n\n\n<p>Jaime de la Garza dijo tambi\u00e9n que en el Art\u00edculo 38 Ter. El Ejecutivo Estatal, a trav\u00e9s de la Secretar\u00eda de Finanzas y Planeaci\u00f3n, destinar\u00e1 los recursos a los municipios, con base en los Lineamientos que el Consejo Estatal apruebe a propuesta de un Comit\u00e9 T\u00e9cnico constituido para tal fin, utilizando para la distribuci\u00f3n de los recursos, criterios que incorporen el n\u00famero de habitantes de los municipios, incidencia delictiva, caracter\u00edsticas municipales y estado de fuerza, as\u00ed como cualquier otro criterio que el Consejo Estatal determine de utilidad.&nbsp;<\/p>\n\n\n\n<p>Mientras que en el Art\u00edculo 38 Quater. Los Lineamientos del Fondo Estatal para el Fortalecimiento de la Seguridad P\u00fablica Municipal, as\u00ed como las f\u00f3rmulas y variables utilizadas en el c\u00e1lculo para la distribuci\u00f3n y el resultado de su aplicaci\u00f3n, adem\u00e1s de considerar los aspectos se\u00f1alados en el art\u00edculo anterior, deber\u00e1n prever el avance en el cumplimiento de las metas previamente establecidas para cada uno de los municipios beneficiarios.&nbsp;<\/p>\n","protected":false},"excerpt":{"rendered":"<p>Alejandro \u00c1vila Boca del R\u00edo, Ver.- La percepci\u00f3n de inseguridad de los veracruzanos ha incrementado durante los \u00faltimos meses, seg\u00fan el reporte del INEGI; ante esta situaci\u00f3n, el diputado local, Jaime de la Garza Mart\u00ednez, present\u00f3 la iniciativa para la creaci\u00f3n del Fondo Estatal de Fortalecimiento de la Seguridad P\u00fablica Municipal. Este proyecto tiene como [&hellip;]<\/p>\n","protected":false},"author":1,"featured_media":29906,"comment_status":"open","ping_status":"open","sticky":false,"template":"","format":"standard","meta":{"_jetpack_memberships_contains_paid_content":false,"footnotes":""},"categories":[2],"tags":[],"class_list":["post-29905","post","type-post","status-publish","format-standard","has-post-thumbnail","hentry","category-estado"],"jetpack_featured_media_url":"https:\/\/encuentroinformativo.com.mx\/wp-content\/uploads\/2022\/07\/B7924A77-EF14-46A4-8FB1-C1DE1BDB3201.jpeg","jetpack_sharing_enabled":true,"jetpack_likes_enabled":true,"amp_enabled":true,"_links":{"self":[{"href":"https:\/\/encuentroinformativo.com.mx\/index.php?rest_route=\/wp\/v2\/posts\/29905","targetHints":{"allow":["GET"]}}],"collection":[{"href":"https:\/\/encuentroinformativo.com.mx\/index.php?rest_route=\/wp\/v2\/posts"}],"about":[{"href":"https:\/\/encuentroinformativo.com.mx\/index.php?rest_route=\/wp\/v2\/types\/post"}],"author":[{"embeddable":true,"href":"https:\/\/encuentroinformativo.com.mx\/index.php?rest_route=\/wp\/v2\/users\/1"}],"replies":[{"embeddable":true,"href":"https:\/\/encuentroinformativo.com.mx\/index.php?rest_route=%2Fwp%2Fv2%2Fcomments&post=29905"}],"version-history":[{"count":1,"href":"https:\/\/encuentroinformativo.com.mx\/index.php?rest_route=\/wp\/v2\/posts\/29905\/revisions"}],"predecessor-version":[{"id":29907,"href":"https:\/\/encuentroinformativo.com.mx\/index.php?rest_route=\/wp\/v2\/posts\/29905\/revisions\/29907"}],"wp:featuredmedia":[{"embeddable":true,"href":"https:\/\/encuentroinformativo.com.mx\/index.php?rest_route=\/wp\/v2\/media\/29906"}],"wp:attachment":[{"href":"https:\/\/encuentroinformativo.com.mx\/index.php?rest_route=%2Fwp%2Fv2%2Fmedia&parent=29905"}],"wp:term":[{"taxonomy":"category","embeddable":true,"href":"https:\/\/encuentroinformativo.com.mx\/index.php?rest_route=%2Fwp%2Fv2%2Fcategories&post=29905"},{"taxonomy":"post_tag","embeddable":true,"href":"https:\/\/encuentroinformativo.com.mx\/index.php?rest_route=%2Fwp%2Fv2%2Ftags&post=29905"}],"curies":[{"name":"wp","href":"https:\/\/api.w.org\/{rel}","templated":true}]}}