{"id":29911,"date":"2022-07-28T12:32:31","date_gmt":"2022-07-28T17:32:31","guid":{"rendered":"https:\/\/encuentroinformativo.com.mx\/?p=29911"},"modified":"2022-07-28T12:32:34","modified_gmt":"2022-07-28T17:32:34","slug":"veracruz-pugna-por-la-reactivacion-de-rutas-turisticas","status":"publish","type":"post","link":"https:\/\/encuentroinformativo.com.mx\/?p=29911","title":{"rendered":"Veracruz pugna por la reactivaci\u00f3n de rutas tur\u00edsticas"},"content":{"rendered":"\n<p><strong>Alejandro \u00c1vila<\/strong><\/p>\n\n\n\n<p>Boca del R\u00edo, Ver.- El Estado de Veracruz se encuentra enfocado en la reactivaci\u00f3n de las Rutas Tur\u00edsticas, para incrementar la afluencia de visitantes en la regi\u00f3n sureste.<\/p>\n\n\n\n<p>Jos\u00e9 Eduardo Hern\u00e1ndez Rojas, director de Desarrollo de Productos Tur\u00edsticos de la Secretar\u00eda de Turismo de Veracruz, dijo que en estos momentos est\u00e1n tratando de vincularse nuevamente con estados como, Puebla, Chiapas, Tlaxcala, Estado de M\u00e9xico, Campeche y Tabasco.<\/p>\n\n\n\n<p>&#8220;Estamos trabajando la reactivaci\u00f3n de rutas qu\u00e9 nos permitan detonar lo mejor que tenemos, recordemos que nuestra rutas no solamente metemos lo que son productos, sino tambi\u00e9n metemos servicios, nuestras agencias de viajes, nuestros destinos, Taj\u00edn, ahorita impulsando con todo el Aquarium del Puerto de Veracruz, y obviamente, desde luego, el mole, el caf\u00e9, hablando en la cuesti\u00f3n gastron\u00f3mica&#8221;, apunt\u00f3.<\/p>\n\n\n\n<p>Hern\u00e1ndez Rojas se\u00f1al\u00f3 que, Veracruz busca un crecimiento gradual, promocionando al Estado a nivel regional, nacional y finalmente, internacional.<\/p>\n\n\n\n<p>Finalmente, reconoci\u00f3 que, la Secretar\u00eda de Turismo de Veracruz se encuentra dialogando con diversas aerol\u00edneas para mejorar la conectividad con Veracruz y, de esta manera, aumentar la afluencia de visitantes en los municipios con vocaci\u00f3n tur\u00edstica.<\/p>\n","protected":false},"excerpt":{"rendered":"<p>Alejandro \u00c1vila Boca del R\u00edo, Ver.- El Estado de Veracruz se encuentra enfocado en la reactivaci\u00f3n de las Rutas Tur\u00edsticas, para incrementar la afluencia de visitantes en la regi\u00f3n sureste. Jos\u00e9 Eduardo Hern\u00e1ndez Rojas, director de Desarrollo de Productos Tur\u00edsticos de la Secretar\u00eda de Turismo de Veracruz, dijo que en estos momentos est\u00e1n tratando de [&hellip;]<\/p>\n","protected":false},"author":1,"featured_media":29912,"comment_status":"open","ping_status":"open","sticky":false,"template":"","format":"standard","meta":{"_jetpack_memberships_contains_paid_content":false,"footnotes":""},"categories":[2],"tags":[],"class_list":["post-29911","post","type-post","status-publish","format-standard","has-post-thumbnail","hentry","category-estado"],"jetpack_featured_media_url":"https:\/\/encuentroinformativo.com.mx\/wp-content\/uploads\/2022\/07\/74702114-D3E3-45FC-B772-FF08733D724A.jpeg","jetpack_sharing_enabled":true,"jetpack_likes_enabled":true,"amp_enabled":true,"_links":{"self":[{"href":"https:\/\/encuentroinformativo.com.mx\/index.php?rest_route=\/wp\/v2\/posts\/29911","targetHints":{"allow":["GET"]}}],"collection":[{"href":"https:\/\/encuentroinformativo.com.mx\/index.php?rest_route=\/wp\/v2\/posts"}],"about":[{"href":"https:\/\/encuentroinformativo.com.mx\/index.php?rest_route=\/wp\/v2\/types\/post"}],"author":[{"embeddable":true,"href":"https:\/\/encuentroinformativo.com.mx\/index.php?rest_route=\/wp\/v2\/users\/1"}],"replies":[{"embeddable":true,"href":"https:\/\/encuentroinformativo.com.mx\/index.php?rest_route=%2Fwp%2Fv2%2Fcomments&post=29911"}],"version-history":[{"count":1,"href":"https:\/\/encuentroinformativo.com.mx\/index.php?rest_route=\/wp\/v2\/posts\/29911\/revisions"}],"predecessor-version":[{"id":29913,"href":"https:\/\/encuentroinformativo.com.mx\/index.php?rest_route=\/wp\/v2\/posts\/29911\/revisions\/29913"}],"wp:featuredmedia":[{"embeddable":true,"href":"https:\/\/encuentroinformativo.com.mx\/index.php?rest_route=\/wp\/v2\/media\/29912"}],"wp:attachment":[{"href":"https:\/\/encuentroinformativo.com.mx\/index.php?rest_route=%2Fwp%2Fv2%2Fmedia&parent=29911"}],"wp:term":[{"taxonomy":"category","embeddable":true,"href":"https:\/\/encuentroinformativo.com.mx\/index.php?rest_route=%2Fwp%2Fv2%2Fcategories&post=29911"},{"taxonomy":"post_tag","embeddable":true,"href":"https:\/\/encuentroinformativo.com.mx\/index.php?rest_route=%2Fwp%2Fv2%2Ftags&post=29911"}],"curies":[{"name":"wp","href":"https:\/\/api.w.org\/{rel}","templated":true}]}}