{"id":29917,"date":"2022-07-28T14:30:29","date_gmt":"2022-07-28T19:30:29","guid":{"rendered":"https:\/\/encuentroinformativo.com.mx\/?p=29917"},"modified":"2022-07-28T14:30:33","modified_gmt":"2022-07-28T19:30:33","slug":"promueven-gran-lactada","status":"publish","type":"post","link":"https:\/\/encuentroinformativo.com.mx\/?p=29917","title":{"rendered":"Promueven Gran Lactada"},"content":{"rendered":"\n<p><strong>Dar\u00edo Pale<\/strong><\/p>\n\n\n\n<p>Xalapa, Ver.- Concepci\u00f3n Arresate Garc\u00eda, subdirectora operativa del DIF municipal de Xalapa y Claudia Yodas, representante del colectivo Tribu por un Maternaje en Colectivo, se\u00f1alaron que en M\u00e9xico hay diez principales causas por las cuales las mujeres no amamantan y que est\u00e1n relacionadas con el mito de la lactancia, lamentablemente en Veracruz siguen esperando el reglamento de Ley de Lactancia.<\/p>\n\n\n\n<p>En conferencia de prensa dieron a conocer que a pesar de que en Veracruz existe la Ley de protecci\u00f3n, fomento y apoyo a la lactancia materna, publicada el 31 de noviembre del a\u00f1o pasado, a\u00fan no se emite el reglamento respectivo.<\/p>\n\n\n\n<p>De manera que con base en dicho ordenamiento, los hospitales tanto p\u00fablicos como privados, deben respetar la lactancia materna y cuidar el apego inmediato, adem\u00e1s de que en las instituciones haya lugares c\u00f3modos y seguros para amamantar a sus beb\u00e9s.<\/p>\n\n\n\n<p>Se\u00f1alaron que en M\u00e9xico hay diez principales causas por las cuales las mujeres no amamantan, tres de las principales son: porque las mujeres piensan que no tienen leche, porque el beb\u00e9 no quiere, pero eso es porque se les introducen chupones y los beb\u00e9s cambian su estimulaci\u00f3n y no pueden prenderse del pecho.<\/p>\n\n\n\n<p>Asimismo, porque los profesionales piensan que algunos medicamentos no son compatibles con la lactancia; los derechos laborales, ya que por cuesti\u00f3n de g\u00e9nero no se les da permisos para tener sus tiempos de lactancia, sin embargo, la Ley define dichos tiempos.<\/p>\n\n\n\n<p>&#8220;Somos el quinto estado que tiene Ley de Lactancia en todo el pa\u00eds, todav\u00eda estamos esperando que se emita el reglamento de la Ley de Lactancia&#8221;, coment\u00f3.<\/p>\n\n\n\n<p>Por todo lo anterior dieron a conocer que este domingo 31 de julio se llevar\u00e1 a cabo la Gran Lactada, que busca agrupar al mayor n\u00famero de mujeres lactantes y sus familias para alimentar a sus beb\u00e9s de manera simult\u00e1nea en un minuto.<\/p>\n\n\n\n<p>De acuerdo con la Encuesta Nacional de Nutrici\u00f3n (ENSANUT) 2018, en M\u00e9xico s\u00f3lo de 3 de cada 10 ni\u00f1os menores de 24 meses son alimentados con Lactancia Materna Exclusiva.<\/p>\n\n\n\n<p>\u201cEs por ello que desde la Coalici\u00f3n Veracruzana para la protecci\u00f3n de la Lactancia Materna, el Sistema DIF Municipal de Xalapa y diversas organizaciones de la sociedad civil, invitamos a participar en los eventos que se han programado para conmemorar la Semana Mundial de la Lactancia Materna 2022, la cual tiene como lema este a\u00f1o Impulsemos la Lactancia Materna: Apoyando y Educando&#8221;, se\u00f1alaron.<\/p>\n\n\n\n<p>La Gran Lactada tendr\u00e1 lugar en el foro abierto del \u00c1gora de esta ciudad, en el parque Ju\u00e1rez, a las 10:00 horas.<\/p>\n\n\n\n<p>Posteriormente, el 3 de agosto, a las 10 de la ma\u00f1ana, en el auditorio del IMAC, se llevar\u00e1 a cabo un simposium al que vendr\u00e1n diversos ponentes de varias ciudades.<\/p>\n\n\n\n<p>Finalmente recordaron que la lactancia es un derecho humano, pero al mismo tiempo es de libre albedr\u00edo, porque muchas mujeres no logran una lactancia exitosa porque no han tenido apoyo adecuado.<\/p>\n","protected":false},"excerpt":{"rendered":"<p>Dar\u00edo Pale Xalapa, Ver.- Concepci\u00f3n Arresate Garc\u00eda, subdirectora operativa del DIF municipal de Xalapa y Claudia Yodas, representante del colectivo Tribu por un Maternaje en Colectivo, se\u00f1alaron que en M\u00e9xico hay diez principales causas por las cuales las mujeres no amamantan y que est\u00e1n relacionadas con el mito de la lactancia, lamentablemente en Veracruz siguen [&hellip;]<\/p>\n","protected":false},"author":1,"featured_media":29918,"comment_status":"open","ping_status":"open","sticky":false,"template":"","format":"standard","meta":{"_jetpack_memberships_contains_paid_content":false,"footnotes":""},"categories":[3],"tags":[],"class_list":["post-29917","post","type-post","status-publish","format-standard","has-post-thumbnail","hentry","category-xalapa"],"jetpack_featured_media_url":"https:\/\/encuentroinformativo.com.mx\/wp-content\/uploads\/2022\/07\/865CC645-0E3A-47E6-B357-8D7754A39E90.jpeg","jetpack_sharing_enabled":true,"jetpack_likes_enabled":true,"amp_enabled":true,"_links":{"self":[{"href":"https:\/\/encuentroinformativo.com.mx\/index.php?rest_route=\/wp\/v2\/posts\/29917","targetHints":{"allow":["GET"]}}],"collection":[{"href":"https:\/\/encuentroinformativo.com.mx\/index.php?rest_route=\/wp\/v2\/posts"}],"about":[{"href":"https:\/\/encuentroinformativo.com.mx\/index.php?rest_route=\/wp\/v2\/types\/post"}],"author":[{"embeddable":true,"href":"https:\/\/encuentroinformativo.com.mx\/index.php?rest_route=\/wp\/v2\/users\/1"}],"replies":[{"embeddable":true,"href":"https:\/\/encuentroinformativo.com.mx\/index.php?rest_route=%2Fwp%2Fv2%2Fcomments&post=29917"}],"version-history":[{"count":1,"href":"https:\/\/encuentroinformativo.com.mx\/index.php?rest_route=\/wp\/v2\/posts\/29917\/revisions"}],"predecessor-version":[{"id":29919,"href":"https:\/\/encuentroinformativo.com.mx\/index.php?rest_route=\/wp\/v2\/posts\/29917\/revisions\/29919"}],"wp:featuredmedia":[{"embeddable":true,"href":"https:\/\/encuentroinformativo.com.mx\/index.php?rest_route=\/wp\/v2\/media\/29918"}],"wp:attachment":[{"href":"https:\/\/encuentroinformativo.com.mx\/index.php?rest_route=%2Fwp%2Fv2%2Fmedia&parent=29917"}],"wp:term":[{"taxonomy":"category","embeddable":true,"href":"https:\/\/encuentroinformativo.com.mx\/index.php?rest_route=%2Fwp%2Fv2%2Fcategories&post=29917"},{"taxonomy":"post_tag","embeddable":true,"href":"https:\/\/encuentroinformativo.com.mx\/index.php?rest_route=%2Fwp%2Fv2%2Ftags&post=29917"}],"curies":[{"name":"wp","href":"https:\/\/api.w.org\/{rel}","templated":true}]}}