{"id":29920,"date":"2022-07-28T16:48:45","date_gmt":"2022-07-28T21:48:45","guid":{"rendered":"https:\/\/encuentroinformativo.com.mx\/?p=29920"},"modified":"2022-07-28T16:48:50","modified_gmt":"2022-07-28T21:48:50","slug":"reviven-ley-nahle-en-el-congreso-de-veracruz","status":"publish","type":"post","link":"https:\/\/encuentroinformativo.com.mx\/?p=29920","title":{"rendered":"Reviven \u2018Ley Nahle\u2019 en el Congreso de Veracruz"},"content":{"rendered":"\n<p><strong>Juan Arcos<\/strong><\/p>\n\n\n\n<p>Xalapa, Ver.- Los diputados del Movimiento de Regeneraci\u00f3n Nacional (Morena) presentaron una iniciativa para reformar la Constituci\u00f3n de Veracruz y as\u00ed garantizar condiciones para que la secretaria de Energ\u00eda, Roc\u00edo Nahle Garc\u00eda, pueda contender por la gubernatura en las elecciones de 2024.<\/p>\n\n\n\n<p>Se busca que sean consideradas como veracruzanas y veracruzanos a las o los mexicanos nacidos fuera de la entidad pero con hijos veracruzanos o con una residencia efectiva de cinco a\u00f1os en territorio estatal.<\/p>\n\n\n\n<p>La iniciativa es conocida como \u201cLey Nahle\u201d, pues la actual funcionaria federal ha confirmado su aspiraci\u00f3n a la candidatura de Morena para suceder al gobernador Cuitl\u00e1huac Garc\u00eda Jim\u00e9nez.<\/p>\n\n\n\n<p>La legisladora Magaly Armenta Oliveros present\u00f3 la propuesta de decreto para incluir la Fracci\u00f3n III al art\u00edculo 11 de la Constituci\u00f3n local.<\/p>\n\n\n\n<p>En la actualidad este art\u00edculo establece que son veracruzanos los nacidos en el territorio estatal y los hijos de padre o madre nativos del estado que nacieron en el territorio nacional o en el extranjero.<\/p>\n\n\n\n<p>Sin embargo, la iniciativa reci\u00e9n presentada considera tambi\u00e9n como veracruzanos a las o los mexicanos nacidos fuera del territorio del estado, con hijos veracruzanos o con una residencia efectiva de cinco a\u00f1os en el territorio estatal.<\/p>\n\n\n\n<p>Esta misma iniciativa fue presentada en la pasada legislatura por el entonces diputado Amado Cruz Malpica, con la que se pretend\u00eda beneficiar a Nahle Garc\u00eda, originaria de Zacatecas, y a Ricardo Ahued Bardahuil, actual alcalde de Xalapa, oriundo de Hidalgo.<\/p>\n\n\n\n<p>El presidente de la Junta de Coordinaci\u00f3n Pol\u00edtica (Jucopo), Juan Javier G\u00f3mez Cazar\u00edn, declar\u00f3 que esta iniciativa permitir\u00eda a la Secretaria de Energ\u00eda ser postulada a la gubernatura por Morena.<\/p>\n\n\n\n<p>Esta propuesta deber\u00e1 votarse en dos periodos ordinarios de sesiones, donde ser\u00e1 necesaria la aprobaci\u00f3n por parte de 36 diputadas y diputados locales. Adem\u00e1s, en caso de ser avalada la modificaci\u00f3n por el Congreso, tambi\u00e9n 107 de los 212 ayuntamientos de Veracruz deber\u00e1n someterla a votaci\u00f3n en sus cabildos y aprobarla.<\/p>\n\n\n\n<p>Se tiene como plazo el mes de julio de 2023 para adecuar esta ley, debido a que no es posible realizar las modificaciones 90 d\u00edas antes de la elecci\u00f3n local, proceso que iniciar\u00eda el 10 de noviembre del a\u00f1o pr\u00f3ximo.<\/p>\n\n\n\n<p>Por su parte, el gobernador Cuitl\u00e1huac Garc\u00eda Jim\u00e9nez defendi\u00f3 esta propuesta de la bancada morenista, argumentando que la Suprema Corte de Justicia de la Naci\u00f3n (SCJN) ya ha resuelto que no se requiere nacer en la entidad para ser candidata o candidato a un cargo de elecci\u00f3n popular.<\/p>\n\n\n\n<p>\u201cNo pierdan de vista que la Suprema Corte de justicia ya dej\u00f3 jurisprudencia al respecto, no necesitas ser nacido en un estado para acceder a los cargos p\u00fablicos m\u00e1s altos en ese estado, cargos p\u00fablicos por elecci\u00f3n de ese estado, ya tenemos gobernadores que no nacieron en su estado que est\u00e1n gobernando o gobernaron debido a esa resoluci\u00f3n\u201d, expres\u00f3.<\/p>\n\n\n\n<p>Garc\u00eda Jim\u00e9nez destac\u00f3 que todos los Congresos en las distintas entidades deber\u00edan acatar la resoluci\u00f3n de la Suprema Corte.<\/p>\n\n\n\n<p>Mientras tanto, los legisladores del Partido Acci\u00f3n Nacional (PAN), Partido Revolucionario Institucional (PRI) y el Partido de la Revoluci\u00f3n Democr\u00e1tica (PRD) criticaron que la bancada morenista pretenda modificar la ley en Veracruz para imponer a Roc\u00edo Nahle como su candidata.<\/p>\n","protected":false},"excerpt":{"rendered":"<p>Juan Arcos Xalapa, Ver.- Los diputados del Movimiento de Regeneraci\u00f3n Nacional (Morena) presentaron una iniciativa para reformar la Constituci\u00f3n de Veracruz y as\u00ed garantizar condiciones para que la secretaria de Energ\u00eda, Roc\u00edo Nahle Garc\u00eda, pueda contender por la gubernatura en las elecciones de 2024. Se busca que sean consideradas como veracruzanas y veracruzanos a las [&hellip;]<\/p>\n","protected":false},"author":1,"featured_media":29921,"comment_status":"open","ping_status":"open","sticky":false,"template":"","format":"standard","meta":{"_jetpack_memberships_contains_paid_content":false,"footnotes":""},"categories":[2],"tags":[],"class_list":["post-29920","post","type-post","status-publish","format-standard","has-post-thumbnail","hentry","category-estado"],"jetpack_featured_media_url":"https:\/\/encuentroinformativo.com.mx\/wp-content\/uploads\/2022\/07\/1A509B5B-AD12-4043-83D2-ED31E4386F70.jpeg","jetpack_sharing_enabled":true,"jetpack_likes_enabled":true,"amp_enabled":true,"_links":{"self":[{"href":"https:\/\/encuentroinformativo.com.mx\/index.php?rest_route=\/wp\/v2\/posts\/29920","targetHints":{"allow":["GET"]}}],"collection":[{"href":"https:\/\/encuentroinformativo.com.mx\/index.php?rest_route=\/wp\/v2\/posts"}],"about":[{"href":"https:\/\/encuentroinformativo.com.mx\/index.php?rest_route=\/wp\/v2\/types\/post"}],"author":[{"embeddable":true,"href":"https:\/\/encuentroinformativo.com.mx\/index.php?rest_route=\/wp\/v2\/users\/1"}],"replies":[{"embeddable":true,"href":"https:\/\/encuentroinformativo.com.mx\/index.php?rest_route=%2Fwp%2Fv2%2Fcomments&post=29920"}],"version-history":[{"count":1,"href":"https:\/\/encuentroinformativo.com.mx\/index.php?rest_route=\/wp\/v2\/posts\/29920\/revisions"}],"predecessor-version":[{"id":29922,"href":"https:\/\/encuentroinformativo.com.mx\/index.php?rest_route=\/wp\/v2\/posts\/29920\/revisions\/29922"}],"wp:featuredmedia":[{"embeddable":true,"href":"https:\/\/encuentroinformativo.com.mx\/index.php?rest_route=\/wp\/v2\/media\/29921"}],"wp:attachment":[{"href":"https:\/\/encuentroinformativo.com.mx\/index.php?rest_route=%2Fwp%2Fv2%2Fmedia&parent=29920"}],"wp:term":[{"taxonomy":"category","embeddable":true,"href":"https:\/\/encuentroinformativo.com.mx\/index.php?rest_route=%2Fwp%2Fv2%2Fcategories&post=29920"},{"taxonomy":"post_tag","embeddable":true,"href":"https:\/\/encuentroinformativo.com.mx\/index.php?rest_route=%2Fwp%2Fv2%2Ftags&post=29920"}],"curies":[{"name":"wp","href":"https:\/\/api.w.org\/{rel}","templated":true}]}}