{"id":29923,"date":"2022-07-28T16:55:00","date_gmt":"2022-07-28T21:55:00","guid":{"rendered":"https:\/\/encuentroinformativo.com.mx\/?p=29923"},"modified":"2022-07-28T16:55:04","modified_gmt":"2022-07-28T21:55:04","slug":"congresos-deben-estar-en-sintonia-justifica-cuitlahuac","status":"publish","type":"post","link":"https:\/\/encuentroinformativo.com.mx\/?p=29923","title":{"rendered":"Congresos deben estar en sinton\u00eda, justifica Cuitl\u00e1huac"},"content":{"rendered":"\n<p><strong>Dar\u00edo Pale <\/strong><\/p>\n\n\n\n<p>Xalapa, Ver.- Los Congresos deben &#8220;sintonizarse&#8221; con la Suprema Corte de Justicia de la Naci\u00f3n (SCJN), para que los no nacidos en Veracruz pueden contender a ser gobernadores de dicho estado, as\u00ed lo se\u00f1al\u00f3 el gobernador del estado Cuitl\u00e1huac Garc\u00eda Jim\u00e9nez.<\/p>\n\n\n\n<p>En conferencia de prensa record\u00f3 que la Suprema Corte de Justicia de la Naci\u00f3n sent\u00f3 jurisprudencia al respecto, por lo que defini\u00f3 que aquel que quiera ser gobernador de Veracruz no necesita haber nacido en ese estado para acceder al cargo p\u00fablico.<\/p>\n\n\n\n<p>&#8220;Ya tenemos gobernadores que no nacieron en su estado y est\u00e1n gobernando o ya gobernaron, yo pienso que todos los congresos de los estados tienen que sintonizarse de acuerdo a esa resoluci\u00f3n de la Suprema Corte&#8221;, se\u00f1al\u00f3.<\/p>\n\n\n\n<p>Finalmente cabe se\u00f1alar que esto es luego de que se diera a conocer que este d\u00eda podr\u00eda proponerse una iniciativa de reforma a la Constituci\u00f3n para que los no nacidos en Veracruz puedan ser candidatos a la gubernatura.<\/p>\n","protected":false},"excerpt":{"rendered":"<p>Dar\u00edo Pale Xalapa, Ver.- Los Congresos deben &#8220;sintonizarse&#8221; con la Suprema Corte de Justicia de la Naci\u00f3n (SCJN), para que los no nacidos en Veracruz pueden contender a ser gobernadores de dicho estado, as\u00ed lo se\u00f1al\u00f3 el gobernador del estado Cuitl\u00e1huac Garc\u00eda Jim\u00e9nez. En conferencia de prensa record\u00f3 que la Suprema Corte de Justicia de [&hellip;]<\/p>\n","protected":false},"author":1,"featured_media":29924,"comment_status":"open","ping_status":"open","sticky":false,"template":"","format":"standard","meta":{"_jetpack_memberships_contains_paid_content":false,"footnotes":""},"categories":[2],"tags":[],"class_list":["post-29923","post","type-post","status-publish","format-standard","has-post-thumbnail","hentry","category-estado"],"jetpack_featured_media_url":"https:\/\/encuentroinformativo.com.mx\/wp-content\/uploads\/2022\/07\/B43812B1-F5C7-4DAD-8BF1-BAEC54DD1DBB.jpeg","jetpack_sharing_enabled":true,"jetpack_likes_enabled":true,"amp_enabled":true,"_links":{"self":[{"href":"https:\/\/encuentroinformativo.com.mx\/index.php?rest_route=\/wp\/v2\/posts\/29923","targetHints":{"allow":["GET"]}}],"collection":[{"href":"https:\/\/encuentroinformativo.com.mx\/index.php?rest_route=\/wp\/v2\/posts"}],"about":[{"href":"https:\/\/encuentroinformativo.com.mx\/index.php?rest_route=\/wp\/v2\/types\/post"}],"author":[{"embeddable":true,"href":"https:\/\/encuentroinformativo.com.mx\/index.php?rest_route=\/wp\/v2\/users\/1"}],"replies":[{"embeddable":true,"href":"https:\/\/encuentroinformativo.com.mx\/index.php?rest_route=%2Fwp%2Fv2%2Fcomments&post=29923"}],"version-history":[{"count":1,"href":"https:\/\/encuentroinformativo.com.mx\/index.php?rest_route=\/wp\/v2\/posts\/29923\/revisions"}],"predecessor-version":[{"id":29925,"href":"https:\/\/encuentroinformativo.com.mx\/index.php?rest_route=\/wp\/v2\/posts\/29923\/revisions\/29925"}],"wp:featuredmedia":[{"embeddable":true,"href":"https:\/\/encuentroinformativo.com.mx\/index.php?rest_route=\/wp\/v2\/media\/29924"}],"wp:attachment":[{"href":"https:\/\/encuentroinformativo.com.mx\/index.php?rest_route=%2Fwp%2Fv2%2Fmedia&parent=29923"}],"wp:term":[{"taxonomy":"category","embeddable":true,"href":"https:\/\/encuentroinformativo.com.mx\/index.php?rest_route=%2Fwp%2Fv2%2Fcategories&post=29923"},{"taxonomy":"post_tag","embeddable":true,"href":"https:\/\/encuentroinformativo.com.mx\/index.php?rest_route=%2Fwp%2Fv2%2Ftags&post=29923"}],"curies":[{"name":"wp","href":"https:\/\/api.w.org\/{rel}","templated":true}]}}