{"id":29929,"date":"2022-07-28T13:12:20","date_gmt":"2022-07-28T18:12:20","guid":{"rendered":"https:\/\/encuentroinformativo.com.mx\/?p=29929"},"modified":"2022-07-28T17:16:15","modified_gmt":"2022-07-28T22:16:15","slug":"aprueba-congreso-de-veracruz-consejo-estatal-para-las-personas-con-discapacidad","status":"publish","type":"post","link":"https:\/\/encuentroinformativo.com.mx\/?p=29929","title":{"rendered":"Aprueba Congreso de Veracruz Consejo Estatal para las Personas con Discapacidad"},"content":{"rendered":"\n<p><strong>Alejandro \u00c1vila<\/strong><\/p>\n\n\n\n<p>Veracruz, Ver.- La diputada, Anil\u00fa Ingram Vallines inform\u00f3 que, este jueves fue aprobado en el Congreso de Veracruz, la conformaci\u00f3n del Consejo Estatal para las Personas con Discapacidad.<\/p>\n\n\n\n<p>Este tiene como prop\u00f3sito, garantizar la generaci\u00f3n y aplicaci\u00f3n de pol\u00edticas p\u00fablicas para los sectores vulnerables de la entidad veracruzana.<\/p>\n\n\n\n<p>La presidenta de la Comisi\u00f3n de Derechos Humanos y Atenci\u00f3n a Grupos Vulnerables detall\u00f3 que, tras concretar las 28 entrevistas a los interesados en formar parte de este Consejo; este jueves en sesi\u00f3n ordinaria v\u00eda remota, fue aprobado el punto de acuerdo de la Junta de Coordinaci\u00f3n Pol\u00edtica para designar a los integrantes del Consejo Estatal para las Personas con Discapacidad.<\/p>\n\n\n\n<p>Este qued\u00f3 conformado de la siguiente manera, Jos\u00e9 Arturo Acosta Hern\u00e1ndez y Jacob Zayas Garc\u00eda, en su car\u00e1cter de personas con discapacidad f\u00edsica; Cirenia Sangabriel Barradas y Nohem\u00ed Hern\u00e1ndez Lim\u00f3n, como representantes legales de las siguientes personas con discapacidad intelectual: Abel Jeziel Hern\u00e1ndez Sangabriel y Teresita de Jes\u00fas Hern\u00e1ndez Hern\u00e1ndez, respectivamente; Sara\u00ed Landa Campos, en su car\u00e1cter de persona con discapacidad sensorial visual; Amisaddai Sastr\u00e9 Ramos, como persona con discapacidad sensorial auditiva y Alejandra Ramzahuer Villa, con el car\u00e1cter de representante de la sociedad civil.&nbsp;<\/p>\n\n\n\n<p>En este sentido, Ingram Vallines puntualiz\u00f3 que, el art\u00edculo 46 de la Ley para la integraci\u00f3n de las personas con discapacidad del Estado de Veracruz, establece que el representante del Poder Legislativo ante el Consejo Estatal de referencia ser\u00e1 quien presida la Comisi\u00f3n Permanente de Derechos Humanos y Atenci\u00f3n a Grupos Vulnerables, por lo que tambi\u00e9n desde este nuevo Consejo, se seguir\u00e1 trabajando para mejorar la calidad de vida de todas las personas con cualquier tipo de discapacidad.&nbsp;<\/p>\n\n\n\n<p>\u201cEste Consejo Estatal para las Personas con Discapacidad ser\u00e1 un \u00f3rgano de aplicaci\u00f3n y supervisi\u00f3n para las acciones, estrategias y programas que permitan garantizar a las personas con discapacidad el desarrollo y pleno ejercicio de los derechos\u201d, explic\u00f3 la priista.<\/p>\n","protected":false},"excerpt":{"rendered":"<p>Alejandro \u00c1vila Veracruz, Ver.- La diputada, Anil\u00fa Ingram Vallines inform\u00f3 que, este jueves fue aprobado en el Congreso de Veracruz, la conformaci\u00f3n del Consejo Estatal para las Personas con Discapacidad. Este tiene como prop\u00f3sito, garantizar la generaci\u00f3n y aplicaci\u00f3n de pol\u00edticas p\u00fablicas para los sectores vulnerables de la entidad veracruzana. La presidenta de la Comisi\u00f3n [&hellip;]<\/p>\n","protected":false},"author":1,"featured_media":29931,"comment_status":"open","ping_status":"open","sticky":false,"template":"","format":"standard","meta":{"_jetpack_memberships_contains_paid_content":false,"footnotes":""},"categories":[2],"tags":[],"class_list":["post-29929","post","type-post","status-publish","format-standard","has-post-thumbnail","hentry","category-estado"],"jetpack_featured_media_url":"https:\/\/encuentroinformativo.com.mx\/wp-content\/uploads\/2022\/07\/976E98CB-1328-4F67-9BCA-C1C1F77FDFB0.jpeg","jetpack_sharing_enabled":true,"jetpack_likes_enabled":true,"amp_enabled":true,"_links":{"self":[{"href":"https:\/\/encuentroinformativo.com.mx\/index.php?rest_route=\/wp\/v2\/posts\/29929","targetHints":{"allow":["GET"]}}],"collection":[{"href":"https:\/\/encuentroinformativo.com.mx\/index.php?rest_route=\/wp\/v2\/posts"}],"about":[{"href":"https:\/\/encuentroinformativo.com.mx\/index.php?rest_route=\/wp\/v2\/types\/post"}],"author":[{"embeddable":true,"href":"https:\/\/encuentroinformativo.com.mx\/index.php?rest_route=\/wp\/v2\/users\/1"}],"replies":[{"embeddable":true,"href":"https:\/\/encuentroinformativo.com.mx\/index.php?rest_route=%2Fwp%2Fv2%2Fcomments&post=29929"}],"version-history":[{"count":1,"href":"https:\/\/encuentroinformativo.com.mx\/index.php?rest_route=\/wp\/v2\/posts\/29929\/revisions"}],"predecessor-version":[{"id":29932,"href":"https:\/\/encuentroinformativo.com.mx\/index.php?rest_route=\/wp\/v2\/posts\/29929\/revisions\/29932"}],"wp:featuredmedia":[{"embeddable":true,"href":"https:\/\/encuentroinformativo.com.mx\/index.php?rest_route=\/wp\/v2\/media\/29931"}],"wp:attachment":[{"href":"https:\/\/encuentroinformativo.com.mx\/index.php?rest_route=%2Fwp%2Fv2%2Fmedia&parent=29929"}],"wp:term":[{"taxonomy":"category","embeddable":true,"href":"https:\/\/encuentroinformativo.com.mx\/index.php?rest_route=%2Fwp%2Fv2%2Fcategories&post=29929"},{"taxonomy":"post_tag","embeddable":true,"href":"https:\/\/encuentroinformativo.com.mx\/index.php?rest_route=%2Fwp%2Fv2%2Ftags&post=29929"}],"curies":[{"name":"wp","href":"https:\/\/api.w.org\/{rel}","templated":true}]}}