{"id":29940,"date":"2022-07-29T09:39:35","date_gmt":"2022-07-29T14:39:35","guid":{"rendered":"https:\/\/encuentroinformativo.com.mx\/?p=29940"},"modified":"2022-07-29T09:39:38","modified_gmt":"2022-07-29T14:39:38","slug":"nahle-hipolito-tenia-razon","status":"publish","type":"post","link":"https:\/\/encuentroinformativo.com.mx\/?p=29940","title":{"rendered":"Nahle: \u00bfHip\u00f3lito ten\u00eda raz\u00f3n?"},"content":{"rendered":"\n<p><strong>Los Pol\u00edticos\u00a0<\/strong><\/p>\n\n\n\n<p><strong>Salvador Mu\u00f1oz<\/strong><\/p>\n\n\n\n<p>Si hay alguien a quien se defiende con orgullo su veracruzanidad, sin duda alguna es Agust\u00edn Lara\u2026 hay quienes aseguran que naci\u00f3 en Puebla y fue registrado en el entonces Distrito Federal un 12 de noviembre de 1897\u2026 hay quienes dicen que naci\u00f3 en el DF un 30 de octubre de ese mismo a\u00f1o\u2026 aunque otros afirman que \u00e9l mismo aseguraba haber nacido en Tlacotalpan un primero de octubre de 1900\u2026 \u00a1como sea y en donde sea! para cualquier veracruzano bien nacido, Agust\u00edn Lara es veracruzano\u2026 \u00bfo usted le pone alg\u00fan \u201cpero\u201d al Flaco de Oro?<\/p>\n\n\n\n<p>Yendo a otras latitudes, ocurre algo similar con Chavela Vargas, quien defini\u00f3 mejor su mexicanidad cuando le cuestionaban c\u00f3mo habiendo nacido en Costa Rica, dec\u00eda ser mexicana, y respond\u00eda: \u201cLos mexicanos nacemos d\u00f3nde se nos da la chingada gana\u201d&#8230; s\u00ed, es claro para cualquier nacional, que la cantante vern\u00e1cula es cien por ciento mexicana.<\/p>\n\n\n\n<p>Ahora que si nos vamos al \u00e1mbito pol\u00edtico, y en el \u00e1mbito xalape\u00f1o con todo y su entorno o vecindad, para cualquier ateniense, zapatense, hasta perote\u00f1o, Ricardo Ahued Bardahuil es 100 por ciento xalape\u00f1o \u00a1aunque su acta de nacimiento diga lo contrario!<\/p>\n\n\n\n<p>Hago un per\u00edmetro pol\u00edtico porque no en cualquier lado de Veracruz se le conoce a don Ricardo\u2026<\/p>\n\n\n\n<p>\u00bfQu\u00e9 \u201cpero\u201d cree que un xalape\u00f1o bien nacido (as\u00ed como con Agust\u00edn Lara) le pondr\u00eda a Ricardo Ahued si decidiera competir por la gubernatura de Veracruz? \u00a1Yo creo que ninguno!<\/p>\n\n\n\n<p>Es curioso el efecto contrario que ocurre con Roc\u00edo Nahle, nativa de Zacatecas pero que&nbsp; f\u00e1cilmente lleva una treintena de a\u00f1os viviendo en Veracruz: en cuanto se abre la posibilidad de que sea candidata a Gobernadora, \u00a1puf! sale en muchos el \u201cchauvinismo provinciano\u201d, por decirlo de un modo mamal\u00f3n\u2026<\/p>\n\n\n\n<p>\u00bfCu\u00e1l es la diferencia entre Ahued y Nahle para que haya reacciones contrarias para uno como para otra?<\/p>\n\n\n\n<p>Bueno, sin ser pro Ahued, se puede hablar del se\u00f1or desde el empresario buena onda as\u00ed como de su altruismo, pasando quiz\u00e1s un poco por esa sencillez de ver al hombre de negocios atendiendo personalmente a la clientela o estibando cajas y cajas en sus bodegas\u2026<\/p>\n\n\n\n<p>Por el lado de la pol\u00edtica, que se sepa, su paso por el ayuntamiento, San L\u00e1zaro, Palacio de Encanto y un esca\u00f1o, carece de m\u00e1cula\u2026<\/p>\n\n\n\n<p>En el caso de Roc\u00edo Nahle, volvemos al \u00e1mbito geogr\u00e1fico, al menos en lo particular, s\u00e9 de ella a partir de que fue diputada federal y por acompa\u00f1ar a Ricardo Ahued en la f\u00f3rmula para el Senado\u2026 es secretaria de Energ\u00eda y le han sacado sus trapitos al sol a algunos de sus familiares beneficiados por el puesto de la se\u00f1ora\u2026<\/p>\n\n\n\n<p>Entonces, en t\u00e9rminos simples y llanos, tenemos a un \u201cpachuco\u201d que ha representado a los veracruzanos en distintos escenarios de la pol\u00edtica as\u00ed como a una zacatecana que lleva dos cargos siendo voz de los veracruzanos\u2026<\/p>\n\n\n\n<p>Esto no es nuevo\u2026 tuvimos a un Gobernador que naci\u00f3 en San Luis Potos\u00ed; el caso de Patricio Chirinos Calero es un bot\u00f3n\u2026 la leyenda cuenta que Miguel Alem\u00e1n Velasco estaba asentado en el entonces Distrito Federal pero \u201clo hicieron\u201d veracruzano\u2026 por eso aparec\u00eda con Z su apellido materno en los documentos: Velazco\u2026<\/p>\n\n\n\n<p>Agregue que tuvimos a un diputado local \u201cchileno\u201d, Vicente Ben\u00edtez&#8230; a un diputado local y federal adem\u00e1s de presidente del PRI, de \u201cLerma de Tejada\u201d, Jorge Carvallo&#8230; Un Gobernador interino \u201cChino\u201d, con Flavino R\u00edos\u2026 \u00a1vamos! tenemos a un Baja Cuencaliforniano que finge o funge como secretario de Gobierno\u2026<\/p>\n\n\n\n<p>Aunque la pregunta que se hacen muchos es que teniendo Veracruz 8 millones de habitantes\u2026 cuatro millones de veracruzanos\u2026 un poco m\u00e1s de cuatro millones de veracruzanas\u2026 \u00bfpor qu\u00e9 una zacatecana?<\/p>\n\n\n\n<p>La respuesta es muy simple: \u00bfHip\u00f3lito Rodr\u00edguez Herrero quiz\u00e1s ten\u00eda raz\u00f3n? \u00bfPor eso contrat\u00f3 gente de la Ciudad de M\u00e9xico en su administraci\u00f3n municipal porque en Xalapa no hab\u00eda gente que cubriera el perfil? \u00bfOcurre lo mismo en Morena con Nahle pensando en Veracruz?<\/p>\n\n\n\n<p><a href=\"mailto:smcainito@gmail.com\" target=\"_blank\" rel=\"noreferrer noopener\">smcainito@gmail.com<\/a><\/p>\n","protected":false},"excerpt":{"rendered":"<p>Los Pol\u00edticos\u00a0 Salvador Mu\u00f1oz Si hay alguien a quien se defiende con orgullo su veracruzanidad, sin duda alguna es Agust\u00edn Lara\u2026 hay quienes aseguran que naci\u00f3 en Puebla y fue registrado en el entonces Distrito Federal un 12 de noviembre de 1897\u2026 hay quienes dicen que naci\u00f3 en el DF un 30 de octubre de [&hellip;]<\/p>\n","protected":false},"author":1,"featured_media":387,"comment_status":"open","ping_status":"open","sticky":false,"template":"","format":"standard","meta":{"_jetpack_memberships_contains_paid_content":false,"footnotes":""},"categories":[11],"tags":[],"class_list":["post-29940","post","type-post","status-publish","format-standard","has-post-thumbnail","hentry","category-opinion"],"jetpack_featured_media_url":"https:\/\/encuentroinformativo.com.mx\/wp-content\/uploads\/2020\/03\/7CF8A22B-2764-47BE-8F7F-38FE9E5D6A2F.jpeg","jetpack_sharing_enabled":true,"jetpack_likes_enabled":true,"amp_enabled":true,"_links":{"self":[{"href":"https:\/\/encuentroinformativo.com.mx\/index.php?rest_route=\/wp\/v2\/posts\/29940","targetHints":{"allow":["GET"]}}],"collection":[{"href":"https:\/\/encuentroinformativo.com.mx\/index.php?rest_route=\/wp\/v2\/posts"}],"about":[{"href":"https:\/\/encuentroinformativo.com.mx\/index.php?rest_route=\/wp\/v2\/types\/post"}],"author":[{"embeddable":true,"href":"https:\/\/encuentroinformativo.com.mx\/index.php?rest_route=\/wp\/v2\/users\/1"}],"replies":[{"embeddable":true,"href":"https:\/\/encuentroinformativo.com.mx\/index.php?rest_route=%2Fwp%2Fv2%2Fcomments&post=29940"}],"version-history":[{"count":1,"href":"https:\/\/encuentroinformativo.com.mx\/index.php?rest_route=\/wp\/v2\/posts\/29940\/revisions"}],"predecessor-version":[{"id":29941,"href":"https:\/\/encuentroinformativo.com.mx\/index.php?rest_route=\/wp\/v2\/posts\/29940\/revisions\/29941"}],"wp:featuredmedia":[{"embeddable":true,"href":"https:\/\/encuentroinformativo.com.mx\/index.php?rest_route=\/wp\/v2\/media\/387"}],"wp:attachment":[{"href":"https:\/\/encuentroinformativo.com.mx\/index.php?rest_route=%2Fwp%2Fv2%2Fmedia&parent=29940"}],"wp:term":[{"taxonomy":"category","embeddable":true,"href":"https:\/\/encuentroinformativo.com.mx\/index.php?rest_route=%2Fwp%2Fv2%2Fcategories&post=29940"},{"taxonomy":"post_tag","embeddable":true,"href":"https:\/\/encuentroinformativo.com.mx\/index.php?rest_route=%2Fwp%2Fv2%2Ftags&post=29940"}],"curies":[{"name":"wp","href":"https:\/\/api.w.org\/{rel}","templated":true}]}}