{"id":29942,"date":"2022-07-29T13:11:10","date_gmt":"2022-07-29T18:11:10","guid":{"rendered":"https:\/\/encuentroinformativo.com.mx\/?p=29942"},"modified":"2022-07-29T13:24:58","modified_gmt":"2022-07-29T18:24:58","slug":"alcalde-jm-unanue-corona-a-la-doncella-del-mar-en-el-regreso-de-las-fiestas-de-santa-ana","status":"publish","type":"post","link":"https:\/\/encuentroinformativo.com.mx\/?p=29942","title":{"rendered":"Alcalde JM Un\u00e1nue corona a la Doncella del Mar en el regreso de las fiestas de Santa Ana"},"content":{"rendered":"\n<p><strong>*<em>Chucho Rivas y Mar\u00eda Jos\u00e9, pusieron a cantar y bailar a m\u00e1s de 10 mil asistentes<\/em>.<\/strong><\/p>\n\n\n\n<p>Boca del R\u00edo, Ver.- Majestuosa velada se vivi\u00f3 este jueves, donde el Presidente Municipal de Boca del R\u00edo, Juan Manuel Un\u00e1nue Abascal, represent\u00f3 al pueblo boque\u00f1o que se aglutin\u00f3 para presenciar la noche m\u00e1s importante de las Fiestas de Santa Ana 2022.<\/p>\n\n\n\n<p>Acompa\u00f1ado por la Presidenta del DIF Municipal; Melina Rivera de Un\u00e1nue, despidieron a la Corte Real 2019, encabezada por Anabel Chaparro Jim\u00e9nez y Jos\u00e9 Carlos Noriega.<\/p>\n\n\n\n<p>Ante miles de locales y visitantes que se dieron cita en la Plaza C\u00edvica del Palacio Municipal, vitorearon a la nueva corte, haci\u00e9ndose presente el cari\u00f1o del p\u00fablico.<\/p>\n\n\n\n<p>El acto protocolario inici\u00f3 con la entrega de banda y coronaci\u00f3n de la Florecita del Mar; Natalia Fern\u00e1ndez Rojas Mel\u00e9ndez, de manos de la Se\u00f1ora Melina Rivera de Un\u00e1nue, dando paso a la entrega del tridente y corana al Trit\u00f3n 2022; Johan Leonardo Enr\u00edquez Chama.<\/p>\n\n\n\n<p>Por su parte, el Alcalde Juan Manuel Un\u00e1nue Abascal, procedi\u00f3 a coronar a la Princesa Segunda; Darla Kenisha Calvillo Pardi\u00f1o, as\u00ed como a la Princesa Primera; Itzel Enr\u00edquez Zamudio.<\/p>\n\n\n\n<p>Y el momento culminante lleg\u00f3, cuando la primera autoridad de Boca del R\u00edo, se dirigi\u00f3 a coronar a la joven Pamela Reynolds Vera, proclam\u00e1ndola \u201cDoncella del Mar\u201d 2022, una gala espectacular y llena de alegr\u00eda.<\/p>\n\n\n\n<p>Con entusiasmo, Un\u00e1nue Abascal expres\u00f3 que \u201cnos da mucho gusto tener esta plaza abarrotada, estamos muy contentos de poder volver a reunirnos despu\u00e9s de dos a\u00f1os tan complicados, estamos muy emocionados este gran equipo de Boca del R\u00edo, del gobierno municipal, de poder hacer unas fiestas de Santa Ana de lujo, hacer unas fiestas de Santa Ana con artistas de primer nivel, yo les quise dar la bienvenida, son las primeras fiestas de Santa Ana de mi administraci\u00f3n.<\/p>\n\n\n\n<p>Minutos m\u00e1s tarde, la primera autoridad entreg\u00f3 reconocimientos a ambos cantantes, destacando su contribuci\u00f3n al arte, as\u00ed como por sus exitosas carreras musicales.<\/p>\n\n\n\n<p><em><strong>MAGNO CONCIERTO<\/strong><\/em><\/p>\n\n\n\n<p>Los conciertos iniciaron con la presentaci\u00f3n de la joven promesa de la canci\u00f3n Chuco Rivas. Cantante y compositor, ha destacado con temas como \u201cAmarte y Perderte\u201d, adem\u00e1s de y \u201cCuando te veo\u201d, provocando los suspiros y emoci\u00f3n de las presentes.<\/p>\n\n\n\n<p>Finalizando su presentaci\u00f3n, lleg\u00f3 el turno del concierto de Mar\u00eda Jos\u00e9, quien se ha convertido en un \u00edcono de la fuerza femenina del espect\u00e1culo mexicano.<\/p>\n\n\n\n<p>\u201cLa Josa\u201d interpret\u00f3 y deleit\u00f3 con su poderosa voz, con canciones que se han convertido en cl\u00e1sicos como \u201cNo soy una se\u00f1ora\u201d y \u201cAdelante coraz\u00f3n\u201d, entre otros temas que la han destacado ya, como una diva de la m\u00fasica en espa\u00f1ol.<\/p>\n\n\n\n<p>Con una en\u00e9rgica y vigorosa personalidad, salud\u00f3 a los boque\u00f1os, quienes, a lo largo del primer gran concierto, la vitorearon y cantaron sus grandes \u00e9xitos.<\/p>\n\n\n\n<p>Recuerda que puedes consultar todas las actividades recreativas, deportivas y culturales que el gobierno municipal de Boca del R\u00edo tiene para ti visitando la p\u00e1gina www.fiesta-santa-ana.mx<\/p>\n\n\n\n<figure class=\"wp-block-image size-large\"><img loading=\"lazy\" decoding=\"async\" width=\"1024\" height=\"682\" src=\"https:\/\/encuentroinformativo.com.mx\/wp-content\/uploads\/2022\/07\/847D7C9F-2F64-4CA3-A9A8-1F3C88D784D9-1024x682.jpeg\" alt=\"\" class=\"wp-image-29944\" srcset=\"https:\/\/encuentroinformativo.com.mx\/wp-content\/uploads\/2022\/07\/847D7C9F-2F64-4CA3-A9A8-1F3C88D784D9-1024x682.jpeg 1024w, https:\/\/encuentroinformativo.com.mx\/wp-content\/uploads\/2022\/07\/847D7C9F-2F64-4CA3-A9A8-1F3C88D784D9-300x200.jpeg 300w, https:\/\/encuentroinformativo.com.mx\/wp-content\/uploads\/2022\/07\/847D7C9F-2F64-4CA3-A9A8-1F3C88D784D9-768x512.jpeg 768w, https:\/\/encuentroinformativo.com.mx\/wp-content\/uploads\/2022\/07\/847D7C9F-2F64-4CA3-A9A8-1F3C88D784D9.jpeg 1280w\" sizes=\"auto, (max-width: 1024px) 100vw, 1024px\" \/><\/figure>\n","protected":false},"excerpt":{"rendered":"<p>*Chucho Rivas y Mar\u00eda Jos\u00e9, pusieron a cantar y bailar a m\u00e1s de 10 mil asistentes. Boca del R\u00edo, Ver.- Majestuosa velada se vivi\u00f3 este jueves, donde el Presidente Municipal de Boca del R\u00edo, Juan Manuel Un\u00e1nue Abascal, represent\u00f3 al pueblo boque\u00f1o que se aglutin\u00f3 para presenciar la noche m\u00e1s importante de las Fiestas de [&hellip;]<\/p>\n","protected":false},"author":1,"featured_media":29943,"comment_status":"open","ping_status":"open","sticky":false,"template":"","format":"standard","meta":{"_jetpack_memberships_contains_paid_content":false,"footnotes":""},"categories":[2],"tags":[],"class_list":["post-29942","post","type-post","status-publish","format-standard","has-post-thumbnail","hentry","category-estado"],"jetpack_featured_media_url":"https:\/\/encuentroinformativo.com.mx\/wp-content\/uploads\/2022\/07\/B98A20CB-A02B-4385-BA19-9F2B65C2A8EF.jpeg","jetpack_sharing_enabled":true,"jetpack_likes_enabled":true,"amp_enabled":true,"_links":{"self":[{"href":"https:\/\/encuentroinformativo.com.mx\/index.php?rest_route=\/wp\/v2\/posts\/29942","targetHints":{"allow":["GET"]}}],"collection":[{"href":"https:\/\/encuentroinformativo.com.mx\/index.php?rest_route=\/wp\/v2\/posts"}],"about":[{"href":"https:\/\/encuentroinformativo.com.mx\/index.php?rest_route=\/wp\/v2\/types\/post"}],"author":[{"embeddable":true,"href":"https:\/\/encuentroinformativo.com.mx\/index.php?rest_route=\/wp\/v2\/users\/1"}],"replies":[{"embeddable":true,"href":"https:\/\/encuentroinformativo.com.mx\/index.php?rest_route=%2Fwp%2Fv2%2Fcomments&post=29942"}],"version-history":[{"count":1,"href":"https:\/\/encuentroinformativo.com.mx\/index.php?rest_route=\/wp\/v2\/posts\/29942\/revisions"}],"predecessor-version":[{"id":29945,"href":"https:\/\/encuentroinformativo.com.mx\/index.php?rest_route=\/wp\/v2\/posts\/29942\/revisions\/29945"}],"wp:featuredmedia":[{"embeddable":true,"href":"https:\/\/encuentroinformativo.com.mx\/index.php?rest_route=\/wp\/v2\/media\/29943"}],"wp:attachment":[{"href":"https:\/\/encuentroinformativo.com.mx\/index.php?rest_route=%2Fwp%2Fv2%2Fmedia&parent=29942"}],"wp:term":[{"taxonomy":"category","embeddable":true,"href":"https:\/\/encuentroinformativo.com.mx\/index.php?rest_route=%2Fwp%2Fv2%2Fcategories&post=29942"},{"taxonomy":"post_tag","embeddable":true,"href":"https:\/\/encuentroinformativo.com.mx\/index.php?rest_route=%2Fwp%2Fv2%2Ftags&post=29942"}],"curies":[{"name":"wp","href":"https:\/\/api.w.org\/{rel}","templated":true}]}}