{"id":29946,"date":"2022-07-29T12:24:13","date_gmt":"2022-07-29T17:24:13","guid":{"rendered":"https:\/\/encuentroinformativo.com.mx\/?p=29946"},"modified":"2022-07-29T12:24:17","modified_gmt":"2022-07-29T17:24:17","slug":"pobladores-demandan-que-palma-sola-sea-municipio","status":"publish","type":"post","link":"https:\/\/encuentroinformativo.com.mx\/?p=29946","title":{"rendered":"Pobladores demandan que Palma Sola sea municipio"},"content":{"rendered":"\n<p><strong>Juan Arcos <\/strong><\/p>\n\n\n\n<p>Xalapa, Ver.- Pobladores de la comunidad Palma Sola dan seguimiento el tr\u00e1mite ante el Congreso de Veracruz, en busca de que su localidad sea considerada un municipio y deje de pertenecer al ayuntamiento de Alto Lucero.<\/p>\n\n\n\n<p>De acuerdo con Alberto Gerardo Ruiz Galvez, coordinador y asesor de Palma Sola, desde hace una d\u00e9cada se inici\u00f3 el proceso correspondiente; sin embargo, hasta el momento este asunto contin\u00faa pendiente.<\/p>\n\n\n\n<p>El entrevistado se\u00f1al\u00f3 que Palma Sola carece de servicios b\u00e1sicos, debido a que se encuentra a 90 kil\u00f3metros de distancia de la cabecera municipal de Alto Lucero, situaci\u00f3n que afecta a los pobladores.<\/p>\n\n\n\n<p>La gente no tiene acceso a un cuerpo de bomberos, escuelas ni servicios de salud en dicha zona costera central del estado de Veracruz.<\/p>\n\n\n\n<p>Se ha cumplido con el 60 por ciento de las firmas de pobladores de Palma Sola y otras rancher\u00edas, mismas que ser\u00edan presentadas al Congreso del Estado.<\/p>\n\n\n\n<p>La comunidad mencionada tiene 5 mil 671 habitantes; sin embargo, si se toman en cuenta otras rancher\u00edas sumar\u00edan m\u00e1s de 23 mil habitantes.<\/p>\n\n\n\n<p>Los pobladores consideran que la zona es importante por su actividad ganadera, de agricultura, pesca y tur\u00edstica. Por ello, son dietaron que Palma Sola debiera ser un ayuntamiento.<\/p>\n\n\n\n<p>\u201cTiene infraestructura para ser un municipio y no bajan los recursos para que se haga el municipio libre.\u00a0Venimos al gobierno del estado y a la C\u00e1mara de diputados para presentar este tipo de peticiones\u201d, expres\u00f3 Ruiz Galvez.<\/p>\n\n\n\n<p>La petici\u00f3n tambi\u00e9n fue presentada por los pobladores en Palacio Nacional para ejercer una mayor presi\u00f3n en el tema. En caso de ser avalada por el Congreso local, Palma Sola podr\u00eda ser el municipio n\u00famero 213 del estado de Veracruz.<\/p>\n","protected":false},"excerpt":{"rendered":"<p>Juan Arcos Xalapa, Ver.- Pobladores de la comunidad Palma Sola dan seguimiento el tr\u00e1mite ante el Congreso de Veracruz, en busca de que su localidad sea considerada un municipio y deje de pertenecer al ayuntamiento de Alto Lucero. De acuerdo con Alberto Gerardo Ruiz Galvez, coordinador y asesor de Palma Sola, desde hace una d\u00e9cada [&hellip;]<\/p>\n","protected":false},"author":1,"featured_media":29947,"comment_status":"open","ping_status":"open","sticky":false,"template":"","format":"standard","meta":{"_jetpack_memberships_contains_paid_content":false,"footnotes":""},"categories":[2],"tags":[],"class_list":["post-29946","post","type-post","status-publish","format-standard","has-post-thumbnail","hentry","category-estado"],"jetpack_featured_media_url":"https:\/\/encuentroinformativo.com.mx\/wp-content\/uploads\/2022\/07\/AFAE45E4-1041-4441-B58E-59EA7220341F.jpeg","jetpack_sharing_enabled":true,"jetpack_likes_enabled":true,"amp_enabled":true,"_links":{"self":[{"href":"https:\/\/encuentroinformativo.com.mx\/index.php?rest_route=\/wp\/v2\/posts\/29946","targetHints":{"allow":["GET"]}}],"collection":[{"href":"https:\/\/encuentroinformativo.com.mx\/index.php?rest_route=\/wp\/v2\/posts"}],"about":[{"href":"https:\/\/encuentroinformativo.com.mx\/index.php?rest_route=\/wp\/v2\/types\/post"}],"author":[{"embeddable":true,"href":"https:\/\/encuentroinformativo.com.mx\/index.php?rest_route=\/wp\/v2\/users\/1"}],"replies":[{"embeddable":true,"href":"https:\/\/encuentroinformativo.com.mx\/index.php?rest_route=%2Fwp%2Fv2%2Fcomments&post=29946"}],"version-history":[{"count":1,"href":"https:\/\/encuentroinformativo.com.mx\/index.php?rest_route=\/wp\/v2\/posts\/29946\/revisions"}],"predecessor-version":[{"id":29948,"href":"https:\/\/encuentroinformativo.com.mx\/index.php?rest_route=\/wp\/v2\/posts\/29946\/revisions\/29948"}],"wp:featuredmedia":[{"embeddable":true,"href":"https:\/\/encuentroinformativo.com.mx\/index.php?rest_route=\/wp\/v2\/media\/29947"}],"wp:attachment":[{"href":"https:\/\/encuentroinformativo.com.mx\/index.php?rest_route=%2Fwp%2Fv2%2Fmedia&parent=29946"}],"wp:term":[{"taxonomy":"category","embeddable":true,"href":"https:\/\/encuentroinformativo.com.mx\/index.php?rest_route=%2Fwp%2Fv2%2Fcategories&post=29946"},{"taxonomy":"post_tag","embeddable":true,"href":"https:\/\/encuentroinformativo.com.mx\/index.php?rest_route=%2Fwp%2Fv2%2Ftags&post=29946"}],"curies":[{"name":"wp","href":"https:\/\/api.w.org\/{rel}","templated":true}]}}