{"id":29949,"date":"2022-07-29T12:55:31","date_gmt":"2022-07-29T17:55:31","guid":{"rendered":"https:\/\/encuentroinformativo.com.mx\/?p=29949"},"modified":"2022-07-29T12:55:36","modified_gmt":"2022-07-29T17:55:36","slug":"indebido-modificar-la-constitucion-manuel-huerta","status":"publish","type":"post","link":"https:\/\/encuentroinformativo.com.mx\/?p=29949","title":{"rendered":"Indebido modificar la Constituci\u00f3n: Manuel Huerta"},"content":{"rendered":"\n<p><strong>Dar\u00edo Pale <\/strong><\/p>\n\n\n\n<p>Xalapa, Ver.- Aspirar a ser gobernador sin ser de Veracruz es un tema moral, no de reformas constitucionales, hacen mal los diputados en reformar Constituci\u00f3n, as\u00ed lo se\u00f1al\u00f3 el delegado de los programas federales del Bienestar, Manuel Huerta Ladr\u00f3n de Guevara.<\/p>\n\n\n\n<p>En entrevista previo al blindaje del parque vehicular y de instalaciones por la elecci\u00f3n de Morena, se\u00f1al\u00f3 que no se deber\u00eda reformar la Constituci\u00f3n para que cualquier ciudadano que no haya nacido en Veracruz, pueda ser gobernador.<\/p>\n\n\n\n<p>Dijo que a Agust\u00edn Lara nadie le niega su veracruzan\u00eda, a Chabela Vargas nadie le niega su mexicanidad, incluso a Ricardo Ahued nadie le negar\u00e1 su xalape\u00f1ismo.<\/p>\n\n\n\n<p>&#8220;Mal hacen en plantearlo y llevarlo a ese nivel del debate, es mi punto de vista. Ah\u00ed ya los diputados y las leyes y los que tengan que debatir, debatir\u00e1n, yo creo que el problema es siempre moral, es pol\u00edtico&#8221;, se\u00f1al\u00f3.<\/p>\n\n\n\n<p>&#8220;Si uno tiene atributos y yo creo que Roc\u00edo los tiene para representar al estado de Veracruz, por lo que, con el debido respeto, creo que es innecesario ese debate legislativo, hay leyes superiores, todo lo deber\u00edan resolver en ese nivel&#8221;, agreg\u00f3.<\/p>\n\n\n\n<p>Dio a conocer que habr\u00e1 quien tenga propuesta y capacidad, pero al final los que van a decidir son los ciudadanos.<\/p>\n\n\n\n<p>Se\u00f1al\u00f3 que la Constituci\u00f3n Pol\u00edtica del pa\u00eds es superior a la de Veracruz y en ese sentido, mencion\u00f3 que la Carta Magna define que para ser votado es necesario tener una residencia efectiva de cinco a\u00f1os.<\/p>\n\n\n\n<p>&#8220;Residencia efectiva de cinco a\u00f1os previos a este momento hist\u00f3rico y no tengo la menor idea (de si Roc\u00edo Nahle los tiene), porque yo no ando viendo d\u00f3nde vive cada quien&#8221;, acus\u00f3.<\/p>\n\n\n\n<p>&#8220;Es un tema moral, ahorita no soy diputado, si fuera diputado entrar\u00eda al debate. El tema del origen, ya dije, pongo el tema de Agust\u00edn Lara porque ya ven que era de Puebla, lo registraron en la Ciudad de M\u00e9xico, pero qui\u00e9n le niega que era veracruzano como cantante, ya para ser gobernador yo no hubiera votado por Agust\u00edn Lara&#8221;, coment\u00f3.<\/p>\n\n\n\n<p>Al cuestionarlo sobre su origen, respondi\u00f3 que es xalape\u00f1o, nacido en la calle Betancourt, hijo de padres y abuelos de Naolinco.<\/p>\n\n\n\n<p>Finalmente reiter\u00f3 que est\u00e1 trabajando para la Secretar\u00eda del Bienestar y en su momento el pueblo es el que decidir\u00e1 quien ser\u00e1 el candidato, ello en relaci\u00f3n a sus supuestas aspiraciones tambi\u00e9n al cargo de gobernador.<\/p>\n","protected":false},"excerpt":{"rendered":"<p>Dar\u00edo Pale Xalapa, Ver.- Aspirar a ser gobernador sin ser de Veracruz es un tema moral, no de reformas constitucionales, hacen mal los diputados en reformar Constituci\u00f3n, as\u00ed lo se\u00f1al\u00f3 el delegado de los programas federales del Bienestar, Manuel Huerta Ladr\u00f3n de Guevara. En entrevista previo al blindaje del parque vehicular y de instalaciones por [&hellip;]<\/p>\n","protected":false},"author":1,"featured_media":29950,"comment_status":"open","ping_status":"open","sticky":false,"template":"","format":"standard","meta":{"_jetpack_memberships_contains_paid_content":false,"footnotes":""},"categories":[2],"tags":[],"class_list":["post-29949","post","type-post","status-publish","format-standard","has-post-thumbnail","hentry","category-estado"],"jetpack_featured_media_url":"https:\/\/encuentroinformativo.com.mx\/wp-content\/uploads\/2022\/07\/FE71EC59-8991-4BAC-BFD8-46FC43DD8B49.jpeg","jetpack_sharing_enabled":true,"jetpack_likes_enabled":true,"amp_enabled":true,"_links":{"self":[{"href":"https:\/\/encuentroinformativo.com.mx\/index.php?rest_route=\/wp\/v2\/posts\/29949","targetHints":{"allow":["GET"]}}],"collection":[{"href":"https:\/\/encuentroinformativo.com.mx\/index.php?rest_route=\/wp\/v2\/posts"}],"about":[{"href":"https:\/\/encuentroinformativo.com.mx\/index.php?rest_route=\/wp\/v2\/types\/post"}],"author":[{"embeddable":true,"href":"https:\/\/encuentroinformativo.com.mx\/index.php?rest_route=\/wp\/v2\/users\/1"}],"replies":[{"embeddable":true,"href":"https:\/\/encuentroinformativo.com.mx\/index.php?rest_route=%2Fwp%2Fv2%2Fcomments&post=29949"}],"version-history":[{"count":1,"href":"https:\/\/encuentroinformativo.com.mx\/index.php?rest_route=\/wp\/v2\/posts\/29949\/revisions"}],"predecessor-version":[{"id":29951,"href":"https:\/\/encuentroinformativo.com.mx\/index.php?rest_route=\/wp\/v2\/posts\/29949\/revisions\/29951"}],"wp:featuredmedia":[{"embeddable":true,"href":"https:\/\/encuentroinformativo.com.mx\/index.php?rest_route=\/wp\/v2\/media\/29950"}],"wp:attachment":[{"href":"https:\/\/encuentroinformativo.com.mx\/index.php?rest_route=%2Fwp%2Fv2%2Fmedia&parent=29949"}],"wp:term":[{"taxonomy":"category","embeddable":true,"href":"https:\/\/encuentroinformativo.com.mx\/index.php?rest_route=%2Fwp%2Fv2%2Fcategories&post=29949"},{"taxonomy":"post_tag","embeddable":true,"href":"https:\/\/encuentroinformativo.com.mx\/index.php?rest_route=%2Fwp%2Fv2%2Ftags&post=29949"}],"curies":[{"name":"wp","href":"https:\/\/api.w.org\/{rel}","templated":true}]}}