{"id":29952,"date":"2022-07-29T13:01:14","date_gmt":"2022-07-29T18:01:14","guid":{"rendered":"https:\/\/encuentroinformativo.com.mx\/?p=29952"},"modified":"2022-07-29T13:01:16","modified_gmt":"2022-07-29T18:01:16","slug":"arranca-en-veracruz-plan-marina-operacion-salvavidas-verano-2022","status":"publish","type":"post","link":"https:\/\/encuentroinformativo.com.mx\/?p=29952","title":{"rendered":"Arranca en Veracruz Plan Marina &#8220;Operaci\u00f3n Salvavidas, Verano 2022&#8221;"},"content":{"rendered":"\n<p><strong>Alejandro \u00c1vila<\/strong><\/p>\n\n\n\n<p>Veracruz, Ver.- Este viernes 29 de julio se dio el banderazo de inicio del Plan Marina &#8220;Operaci\u00f3n Salvavidas, Verano 2022&#8221; a nivel nacional, desde el Puerto de Veracruz.<\/p>\n\n\n\n<p>La Secretar\u00eda de Marina (SEMAR) inform\u00f3 que, el operativo se implementar\u00e1 del 29 de julio al 28 de agosto, en las playas de mayor afluencia y los centros tur\u00edsticos, bajo el resguardo de la dependencia federal, con la finalidad debproporcionar seguridad y vigilancia, para resguardar la integridad de los vacacionistas nacionales e internacionales.<\/p>\n\n\n\n<p>Este operativo aclar\u00f3, ser\u00e1 en estricta coordinaci\u00f3n con elementos de Protecci\u00f3n Civil y Polic\u00eda estatal y municipal.<\/p>\n\n\n\n<p>Se detall\u00f3 que, para esta temporada vacacional se desplegar\u00e1n, 131 elementos\u00a0navales, entre Almirantes, Capitanes, Oficiales, Clases y Mariner\u00eda. Adem\u00e1s de 16 unidades, de las cuales, cuatro son embarcaciones menores, empleadas para realizar el rescate de las personas que se lleguen a encontrar en peligro en el mar; una a\u00e9rea, ocho terrestres y tres\u00a0ambulancias con las que se complementa el apoyo para la vigilancia, seguridad y apoyo m\u00e9dico de las personas, con la misi\u00f3n principal de salvaguardar la vida humana en la mar.<\/p>\n\n\n\n<p>En esta operaci\u00f3n, ser\u00e1 la Estaci\u00f3n Naval de B\u00fasqueda, Rescate y Vigilancia Mar\u00edtima (ENSAR) de Veracruz, con el apoyo del personal de este Mando Naval, quienes est\u00e9n preparados para acudir de manera oportuna al llamado de la ciudadan\u00eda; dotados con embarcaciones r\u00e1pidas y personal altamente capacitado para realizar, en caso de ser\u00a0necesario, acciones de rescate de personas que se encuentren en peligro.<\/p>\n\n\n\n<p>Finalmente, se\u00f1alaron que, es de suma importancia observar y respetar las indicaciones emitidas por la Capitan\u00eda de Puerto respecto al comportamiento del mar en sus niveles de marea, de manera especial en esta temporada de huracanes.<\/p>\n\n\n\n<p>Los niveles son se\u00f1alados con\u00a0banderas de diferentes colores; verde: indica que las condiciones para ba\u00f1arse, nadar o bucear son buenas; amarillo: significa precauci\u00f3n, debido a las corrientes marinas y la posibilidad de que el estado del tiempo empeore; rojo: indica que los ba\u00f1istas NO deben\u00a0ingresar al mar.<\/p>\n","protected":false},"excerpt":{"rendered":"<p>Alejandro \u00c1vila Veracruz, Ver.- Este viernes 29 de julio se dio el banderazo de inicio del Plan Marina &#8220;Operaci\u00f3n Salvavidas, Verano 2022&#8221; a nivel nacional, desde el Puerto de Veracruz. La Secretar\u00eda de Marina (SEMAR) inform\u00f3 que, el operativo se implementar\u00e1 del 29 de julio al 28 de agosto, en las playas de mayor afluencia [&hellip;]<\/p>\n","protected":false},"author":1,"featured_media":29953,"comment_status":"open","ping_status":"open","sticky":false,"template":"","format":"standard","meta":{"_jetpack_memberships_contains_paid_content":false,"footnotes":""},"categories":[2],"tags":[],"class_list":["post-29952","post","type-post","status-publish","format-standard","has-post-thumbnail","hentry","category-estado"],"jetpack_featured_media_url":"https:\/\/encuentroinformativo.com.mx\/wp-content\/uploads\/2022\/07\/6F695374-93BC-4532-9107-058061A560B4.jpeg","jetpack_sharing_enabled":true,"jetpack_likes_enabled":true,"amp_enabled":true,"_links":{"self":[{"href":"https:\/\/encuentroinformativo.com.mx\/index.php?rest_route=\/wp\/v2\/posts\/29952","targetHints":{"allow":["GET"]}}],"collection":[{"href":"https:\/\/encuentroinformativo.com.mx\/index.php?rest_route=\/wp\/v2\/posts"}],"about":[{"href":"https:\/\/encuentroinformativo.com.mx\/index.php?rest_route=\/wp\/v2\/types\/post"}],"author":[{"embeddable":true,"href":"https:\/\/encuentroinformativo.com.mx\/index.php?rest_route=\/wp\/v2\/users\/1"}],"replies":[{"embeddable":true,"href":"https:\/\/encuentroinformativo.com.mx\/index.php?rest_route=%2Fwp%2Fv2%2Fcomments&post=29952"}],"version-history":[{"count":1,"href":"https:\/\/encuentroinformativo.com.mx\/index.php?rest_route=\/wp\/v2\/posts\/29952\/revisions"}],"predecessor-version":[{"id":29954,"href":"https:\/\/encuentroinformativo.com.mx\/index.php?rest_route=\/wp\/v2\/posts\/29952\/revisions\/29954"}],"wp:featuredmedia":[{"embeddable":true,"href":"https:\/\/encuentroinformativo.com.mx\/index.php?rest_route=\/wp\/v2\/media\/29953"}],"wp:attachment":[{"href":"https:\/\/encuentroinformativo.com.mx\/index.php?rest_route=%2Fwp%2Fv2%2Fmedia&parent=29952"}],"wp:term":[{"taxonomy":"category","embeddable":true,"href":"https:\/\/encuentroinformativo.com.mx\/index.php?rest_route=%2Fwp%2Fv2%2Fcategories&post=29952"},{"taxonomy":"post_tag","embeddable":true,"href":"https:\/\/encuentroinformativo.com.mx\/index.php?rest_route=%2Fwp%2Fv2%2Ftags&post=29952"}],"curies":[{"name":"wp","href":"https:\/\/api.w.org\/{rel}","templated":true}]}}