{"id":29962,"date":"2022-07-29T13:23:42","date_gmt":"2022-07-29T18:23:42","guid":{"rendered":"https:\/\/encuentroinformativo.com.mx\/?p=29962"},"modified":"2022-07-29T13:23:46","modified_gmt":"2022-07-29T18:23:46","slug":"salen-ilesos-tras-irse-a-un-barranco-en-tihuatlan","status":"publish","type":"post","link":"https:\/\/encuentroinformativo.com.mx\/?p=29962","title":{"rendered":"Salen ilesos tras irse a un barranco en Tihuatl\u00e1n"},"content":{"rendered":"\n<p><strong>Alejandro \u00c1vila<\/strong><\/p>\n\n\n\n<p>Tihuatl\u00e1n, Ver.- Un autom\u00f3vil compacto fue asegurado por elementos de la Secretar\u00eda de Seguridad P\u00fablica de Veracruz (SSP), tras haberse ido a un barranco de 15 metros y ser abandonado por sus due\u00f1os, quienes habr\u00edan volado al desfiladero, al conducir en presunto estado de ebriedad.<\/p>\n\n\n\n<p>El siniestro tuvo lugar la madrugada de este viernes en la carretera Poza Rica &#8211;&nbsp; Tihuatl\u00e1n, a la altura de la comunidad Zacate Colorado; d\u00f3nde, seg\u00fan el peritaje, el conductor (como su acompa\u00f1ante) se encontraban en presunto estado de ebriedad y manejaba la unidad a exceso de velocidad, situaci\u00f3n que lo llev\u00f3 a perder el control del veh\u00edculo.<\/p>\n\n\n\n<p>El autom\u00f3vil marca Gol, color gris, con placas NEN-70-36, fue abandonado por sus tripulantes y al interior de la unidad se encontraron latas de cerveza; el veh\u00edculo fue retirado del sitio por la Guardia Nacional divisi\u00f3n Caminos, qui\u00e9n solicit\u00f3 el apoyo de una gr\u00faa para dirigirlo al corral\u00f3n.<\/p>\n\n\n\n<p>Se espera que en pr\u00f3ximas horas el propietario se presente ante la Fiscal\u00eda y acredite la unidad y le sea entregada.<\/p>\n","protected":false},"excerpt":{"rendered":"<p>Alejandro \u00c1vila Tihuatl\u00e1n, Ver.- Un autom\u00f3vil compacto fue asegurado por elementos de la Secretar\u00eda de Seguridad P\u00fablica de Veracruz (SSP), tras haberse ido a un barranco de 15 metros y ser abandonado por sus due\u00f1os, quienes habr\u00edan volado al desfiladero, al conducir en presunto estado de ebriedad. El siniestro tuvo lugar la madrugada de este [&hellip;]<\/p>\n","protected":false},"author":1,"featured_media":29963,"comment_status":"open","ping_status":"open","sticky":false,"template":"","format":"standard","meta":{"_jetpack_memberships_contains_paid_content":false,"footnotes":""},"categories":[14],"tags":[],"class_list":["post-29962","post","type-post","status-publish","format-standard","has-post-thumbnail","hentry","category-policiaca"],"jetpack_featured_media_url":"https:\/\/encuentroinformativo.com.mx\/wp-content\/uploads\/2022\/07\/F3046508-C0BC-4BC1-8F7A-9E864B63564B.jpeg","jetpack_sharing_enabled":true,"jetpack_likes_enabled":true,"amp_enabled":true,"_links":{"self":[{"href":"https:\/\/encuentroinformativo.com.mx\/index.php?rest_route=\/wp\/v2\/posts\/29962","targetHints":{"allow":["GET"]}}],"collection":[{"href":"https:\/\/encuentroinformativo.com.mx\/index.php?rest_route=\/wp\/v2\/posts"}],"about":[{"href":"https:\/\/encuentroinformativo.com.mx\/index.php?rest_route=\/wp\/v2\/types\/post"}],"author":[{"embeddable":true,"href":"https:\/\/encuentroinformativo.com.mx\/index.php?rest_route=\/wp\/v2\/users\/1"}],"replies":[{"embeddable":true,"href":"https:\/\/encuentroinformativo.com.mx\/index.php?rest_route=%2Fwp%2Fv2%2Fcomments&post=29962"}],"version-history":[{"count":1,"href":"https:\/\/encuentroinformativo.com.mx\/index.php?rest_route=\/wp\/v2\/posts\/29962\/revisions"}],"predecessor-version":[{"id":29964,"href":"https:\/\/encuentroinformativo.com.mx\/index.php?rest_route=\/wp\/v2\/posts\/29962\/revisions\/29964"}],"wp:featuredmedia":[{"embeddable":true,"href":"https:\/\/encuentroinformativo.com.mx\/index.php?rest_route=\/wp\/v2\/media\/29963"}],"wp:attachment":[{"href":"https:\/\/encuentroinformativo.com.mx\/index.php?rest_route=%2Fwp%2Fv2%2Fmedia&parent=29962"}],"wp:term":[{"taxonomy":"category","embeddable":true,"href":"https:\/\/encuentroinformativo.com.mx\/index.php?rest_route=%2Fwp%2Fv2%2Fcategories&post=29962"},{"taxonomy":"post_tag","embeddable":true,"href":"https:\/\/encuentroinformativo.com.mx\/index.php?rest_route=%2Fwp%2Fv2%2Ftags&post=29962"}],"curies":[{"name":"wp","href":"https:\/\/api.w.org\/{rel}","templated":true}]}}