{"id":29968,"date":"2022-07-29T20:45:11","date_gmt":"2022-07-30T01:45:11","guid":{"rendered":"https:\/\/encuentroinformativo.com.mx\/?p=29968"},"modified":"2022-07-29T20:45:15","modified_gmt":"2022-07-30T01:45:15","slug":"investigan-caso-de-400-migrantes-abandonados-en-un-trailer","status":"publish","type":"post","link":"https:\/\/encuentroinformativo.com.mx\/?p=29968","title":{"rendered":"Investigan caso de 400 migrantes abandonados en un tr\u00e1iler"},"content":{"rendered":"\n<p><strong>Juan Arcos<\/strong> <\/p>\n\n\n\n<p>Xalapa, Ver.- La Fiscal\u00eda General del Estado (FGE) investiga el abandono de cerca de 400 migrantes dentro de la caja de un tr\u00e1iler sobre la carretera Acayucan-Sayula de Alem\u00e1n, en la zona sur de Veracruz.<\/p>\n\n\n\n<p>El director general de Atenci\u00f3n a Migrantes, Carlos Enrique Escalante Igual, confirm\u00f3 que estos hechos ocurrieron el pasado mi\u00e9rcoles a las diez de la noche, donde 94 centroamericanos fueron trasladados a la Estaci\u00f3n Migratoria de Acayucan, para posteriormente ser repatriados.<\/p>\n\n\n\n<p>El funcionario estatal indic\u00f3 que los dem\u00e1s extranjeros continuaron su camino con direcci\u00f3n a la frontera norte, para cruzar a Estados Unidos, en busca de mejores oportunidades laborales.<\/p>\n\n\n\n<p>Se trata de personas procedentes de Honduras, Guatemala y El Salvador, seg\u00fan lo que comentaron los mismos extranjeros a las autoridades estatales y federales.<\/p>\n\n\n\n<p>Se cree que el conductor de la unidad de carga pesada, al ver los retenes de migraci\u00f3n, decidi\u00f3 huir del sitio y abandonar a los migrantes, quienes lograron abrir un espacio en la parte superior para salir de la caja y evitar asfixiarse.<\/p>\n\n\n\n<p>\u201cSe dice que el chofer al ver los retenes de migraci\u00f3n, decidi\u00f3 abandonar el cami\u00f3n y darse a la fuga, pero dej\u00f3 a los migrantes en el cami\u00f3n. Ellos al ver que el cami\u00f3n no se mov\u00eda, empezaron a tratar de abrir alg\u00fan espacio, pues se pod\u00edan sofocar\u201d, detall\u00f3.<\/p>\n\n\n\n<p>Algunos resultaron con lesiones leves, sin fracturas, luego de saltar de la caja para escapar del lugar; sin embargo, ninguno necesit\u00f3 hospitalizaci\u00f3n.<\/p>\n\n\n\n<p>Tambi\u00e9n coment\u00f3 que este a\u00f1o se ha regularizado el flujo migratorio en la entidad veracruzana, mismo hab\u00eda disminuido notoriamente por la pandemia del Sars-Cov2 (Covid-19).<\/p>\n\n\n\n<p>\u201cSe est\u00e1 regularizando el paso de los migrantes. Comparado con lo que hubo en 2020 por la pandemia de coronavirus. Ellos no quieren que los veamos, cuando ven la autoridad creen que los vamos a detener, pero en realidad los queremos ayudando\u201d, a\u00f1adi\u00f3 el Director General de Atenci\u00f3n a Migrantes.<\/p>\n\n\n\n<p>Cabe mencionar que al d\u00eda son retenidos entre 350 y 400 migrantes por el Instituto Nacional de Migraci\u00f3n (INM) en su paso por el estado de Veracruz.<\/p>\n","protected":false},"excerpt":{"rendered":"<p>Juan Arcos Xalapa, Ver.- La Fiscal\u00eda General del Estado (FGE) investiga el abandono de cerca de 400 migrantes dentro de la caja de un tr\u00e1iler sobre la carretera Acayucan-Sayula de Alem\u00e1n, en la zona sur de Veracruz. El director general de Atenci\u00f3n a Migrantes, Carlos Enrique Escalante Igual, confirm\u00f3 que estos hechos ocurrieron el pasado [&hellip;]<\/p>\n","protected":false},"author":1,"featured_media":29969,"comment_status":"open","ping_status":"open","sticky":false,"template":"","format":"standard","meta":{"_jetpack_memberships_contains_paid_content":false,"footnotes":""},"categories":[2],"tags":[],"class_list":["post-29968","post","type-post","status-publish","format-standard","has-post-thumbnail","hentry","category-estado"],"jetpack_featured_media_url":"https:\/\/encuentroinformativo.com.mx\/wp-content\/uploads\/2022\/07\/77D6788B-D593-4F2C-929A-4C01DFC3229A.jpeg","jetpack_sharing_enabled":true,"jetpack_likes_enabled":true,"amp_enabled":true,"_links":{"self":[{"href":"https:\/\/encuentroinformativo.com.mx\/index.php?rest_route=\/wp\/v2\/posts\/29968","targetHints":{"allow":["GET"]}}],"collection":[{"href":"https:\/\/encuentroinformativo.com.mx\/index.php?rest_route=\/wp\/v2\/posts"}],"about":[{"href":"https:\/\/encuentroinformativo.com.mx\/index.php?rest_route=\/wp\/v2\/types\/post"}],"author":[{"embeddable":true,"href":"https:\/\/encuentroinformativo.com.mx\/index.php?rest_route=\/wp\/v2\/users\/1"}],"replies":[{"embeddable":true,"href":"https:\/\/encuentroinformativo.com.mx\/index.php?rest_route=%2Fwp%2Fv2%2Fcomments&post=29968"}],"version-history":[{"count":1,"href":"https:\/\/encuentroinformativo.com.mx\/index.php?rest_route=\/wp\/v2\/posts\/29968\/revisions"}],"predecessor-version":[{"id":29970,"href":"https:\/\/encuentroinformativo.com.mx\/index.php?rest_route=\/wp\/v2\/posts\/29968\/revisions\/29970"}],"wp:featuredmedia":[{"embeddable":true,"href":"https:\/\/encuentroinformativo.com.mx\/index.php?rest_route=\/wp\/v2\/media\/29969"}],"wp:attachment":[{"href":"https:\/\/encuentroinformativo.com.mx\/index.php?rest_route=%2Fwp%2Fv2%2Fmedia&parent=29968"}],"wp:term":[{"taxonomy":"category","embeddable":true,"href":"https:\/\/encuentroinformativo.com.mx\/index.php?rest_route=%2Fwp%2Fv2%2Fcategories&post=29968"},{"taxonomy":"post_tag","embeddable":true,"href":"https:\/\/encuentroinformativo.com.mx\/index.php?rest_route=%2Fwp%2Fv2%2Ftags&post=29968"}],"curies":[{"name":"wp","href":"https:\/\/api.w.org\/{rel}","templated":true}]}}