{"id":2998,"date":"2020-06-02T12:16:10","date_gmt":"2020-06-02T17:16:10","guid":{"rendered":"https:\/\/encuentroinformativo.com\/?p=2998"},"modified":"2020-06-02T12:16:12","modified_gmt":"2020-06-02T17:16:12","slug":"comerciantes-mantienen-reclamos-por-apoyos-acusan-que-autoridades-no-los-atienden","status":"publish","type":"post","link":"https:\/\/encuentroinformativo.com.mx\/?p=2998","title":{"rendered":"Comerciantes mantienen reclamos por apoyos, acusan que autoridades no los atienden"},"content":{"rendered":"\n<p><strong>Juan Arcos <\/strong><\/p>\n\n\n\n<p>Xalapa, Ver.- Un grupo de comerciantes del parque Benito Ju\u00e1rez protest\u00f3 en el centro de la ciudad, para solicitar apoyos econ\u00f3micos al gobernador Cuitl\u00e1huac Garc\u00eda Jim\u00e9nez.<\/p>\n\n\n\n<p>Los quejosos denunciaron que el ayuntamiento de Xalapa no ha otorgado los empleos temporales solicitados<br>Er\u00e9ndira Garc\u00eda Estevez, del Comit\u00e9 de Vigilancia del parque Ju\u00e1rez, record\u00f3 que se quedaron sin trabajo por el cierre del parque mencionado, durante esta contingencia sanitaria por Covid-19.<\/p>\n\n\n\n<p>La entrevistada mencion\u00f3 que la mayor\u00eda de los vendedores son mayores de 50 a\u00f1os y, por esa raz\u00f3n, no han encontrado trabajo en otros lugares.<\/p>\n\n\n\n<p>A\u00f1adi\u00f3 que el ayuntamiento de Xalapa los ha apoyado s\u00f3lo con la entrega de dos despensas a cada beneficiario en un periodo de mes y medio.<\/p>\n\n\n\n<p>Sin embargo, requieren ayuda tambi\u00e9n para cubrir los gastos de los servicios b\u00e1sicos en sus hogares, como luz, gas y agua.<\/p>\n\n\n\n<p>\u201cLos recibos est\u00e1n llegando cada mes m\u00e1s altos, entonces tambi\u00e9n nos acercamos con el gobernador para solicitar su apoyo\u201d.<\/p>\n\n\n\n<p>La vendedora indic\u00f3 que desde hace mes y medio iniciaron un tr\u00e1mite para acceder a los microcr\u00e9ditos que proporciona el gobierno del estado a quienes perdieron su empleo durante la crisis sanitaria, pero hasta el momento no les han otorgado los pr\u00e9stamos.<\/p>\n\n\n\n<p><\/p>\n","protected":false},"excerpt":{"rendered":"<p>Juan Arcos Xalapa, Ver.- Un grupo de comerciantes del parque Benito Ju\u00e1rez protest\u00f3 en el centro de la ciudad, para solicitar apoyos econ\u00f3micos al gobernador Cuitl\u00e1huac Garc\u00eda Jim\u00e9nez. Los quejosos denunciaron que el ayuntamiento de Xalapa no ha otorgado los empleos temporales solicitadosEr\u00e9ndira Garc\u00eda Estevez, del Comit\u00e9 de Vigilancia del parque Ju\u00e1rez, record\u00f3 que se [&hellip;]<\/p>\n","protected":false},"author":1,"featured_media":2999,"comment_status":"open","ping_status":"open","sticky":false,"template":"","format":"standard","meta":{"_jetpack_memberships_contains_paid_content":false,"footnotes":""},"categories":[3],"tags":[],"class_list":["post-2998","post","type-post","status-publish","format-standard","has-post-thumbnail","hentry","category-xalapa"],"jetpack_featured_media_url":"https:\/\/encuentroinformativo.com.mx\/wp-content\/uploads\/2020\/06\/F89CB8C7-A496-4E26-9B91-9423FE83B98C.jpeg","jetpack_sharing_enabled":true,"jetpack_likes_enabled":true,"amp_enabled":true,"_links":{"self":[{"href":"https:\/\/encuentroinformativo.com.mx\/index.php?rest_route=\/wp\/v2\/posts\/2998","targetHints":{"allow":["GET"]}}],"collection":[{"href":"https:\/\/encuentroinformativo.com.mx\/index.php?rest_route=\/wp\/v2\/posts"}],"about":[{"href":"https:\/\/encuentroinformativo.com.mx\/index.php?rest_route=\/wp\/v2\/types\/post"}],"author":[{"embeddable":true,"href":"https:\/\/encuentroinformativo.com.mx\/index.php?rest_route=\/wp\/v2\/users\/1"}],"replies":[{"embeddable":true,"href":"https:\/\/encuentroinformativo.com.mx\/index.php?rest_route=%2Fwp%2Fv2%2Fcomments&post=2998"}],"version-history":[{"count":1,"href":"https:\/\/encuentroinformativo.com.mx\/index.php?rest_route=\/wp\/v2\/posts\/2998\/revisions"}],"predecessor-version":[{"id":3000,"href":"https:\/\/encuentroinformativo.com.mx\/index.php?rest_route=\/wp\/v2\/posts\/2998\/revisions\/3000"}],"wp:featuredmedia":[{"embeddable":true,"href":"https:\/\/encuentroinformativo.com.mx\/index.php?rest_route=\/wp\/v2\/media\/2999"}],"wp:attachment":[{"href":"https:\/\/encuentroinformativo.com.mx\/index.php?rest_route=%2Fwp%2Fv2%2Fmedia&parent=2998"}],"wp:term":[{"taxonomy":"category","embeddable":true,"href":"https:\/\/encuentroinformativo.com.mx\/index.php?rest_route=%2Fwp%2Fv2%2Fcategories&post=2998"},{"taxonomy":"post_tag","embeddable":true,"href":"https:\/\/encuentroinformativo.com.mx\/index.php?rest_route=%2Fwp%2Fv2%2Ftags&post=2998"}],"curies":[{"name":"wp","href":"https:\/\/api.w.org\/{rel}","templated":true}]}}