{"id":29980,"date":"2022-07-29T22:30:58","date_gmt":"2022-07-30T03:30:58","guid":{"rendered":"https:\/\/encuentroinformativo.com.mx\/?p=29980"},"modified":"2022-07-29T22:31:02","modified_gmt":"2022-07-30T03:31:02","slug":"en-coatzacoalcos-obligan-a-trabajadores-del-ayuntamiento-a-afiliarse-a-morena","status":"publish","type":"post","link":"https:\/\/encuentroinformativo.com.mx\/?p=29980","title":{"rendered":"En Coatzacoalcos, obligan a trabajadores del Ayuntamiento a afiliarse a Morena"},"content":{"rendered":"\n<p><strong>Dar\u00edo Pale <\/strong><\/p>\n\n\n\n<p>Xalapa, Ver.- Trabajadores del ayuntamiento de Coatzacoalcos est\u00e1n siendo obligados para que se afilien a Morena y participen en las votaciones del d\u00eda de ma\u00f1ana, esto al m\u00e1s viejo estilo del PRI.<\/p>\n\n\n\n<p>Trabajadores quienes por temor a represalias omitieron su nombres de forma an\u00f3nima \u00a0denunciaron que el ayuntamiento de Coatzacoalcos est\u00e1 obligando (voluntariamente a fuerza) a afiliarse al partido de Morena.<\/p>\n\n\n\n<p>Los empleados llegan a unas oficinas de la calle Ju\u00e1rez 507 de la colonia centro, a un lado de las oficinas del SUEM, donde les dicen que van a llenar \u00a0un formato y van con su credencial de elector en mano.<\/p>\n\n\n\n<p>Incluso, tambi\u00e9n han invitado a personas externas que acudan a afiliarse \u00a0bajo la promesa de que les van a dar trabajo en el ayuntamiento.<\/p>\n\n\n\n<p>Finamente les est\u00e1n solicitando que una vez que ya se afiliaron, acudan el d\u00eda de ma\u00f1ana a unas votaciones internas del partido para elegir a delegados, algunas personas que arribaban al domicilio antes mencionado se les cuestion\u00f3 que que hac\u00edan en dicho lugar y algunos dec\u00edan que estaban realizando alg\u00fan tr\u00e1mite.<\/p>\n","protected":false},"excerpt":{"rendered":"<p>Dar\u00edo Pale Xalapa, Ver.- Trabajadores del ayuntamiento de Coatzacoalcos est\u00e1n siendo obligados para que se afilien a Morena y participen en las votaciones del d\u00eda de ma\u00f1ana, esto al m\u00e1s viejo estilo del PRI. Trabajadores quienes por temor a represalias omitieron su nombres de forma an\u00f3nima \u00a0denunciaron que el ayuntamiento de Coatzacoalcos est\u00e1 obligando (voluntariamente [&hellip;]<\/p>\n","protected":false},"author":1,"featured_media":29981,"comment_status":"open","ping_status":"open","sticky":false,"template":"","format":"standard","meta":{"_jetpack_memberships_contains_paid_content":false,"footnotes":""},"categories":[2],"tags":[],"class_list":["post-29980","post","type-post","status-publish","format-standard","has-post-thumbnail","hentry","category-estado"],"jetpack_featured_media_url":"https:\/\/encuentroinformativo.com.mx\/wp-content\/uploads\/2022\/07\/53390B49-37D3-4B9E-98F5-32922350B05A.jpeg","jetpack_sharing_enabled":true,"jetpack_likes_enabled":true,"amp_enabled":true,"_links":{"self":[{"href":"https:\/\/encuentroinformativo.com.mx\/index.php?rest_route=\/wp\/v2\/posts\/29980","targetHints":{"allow":["GET"]}}],"collection":[{"href":"https:\/\/encuentroinformativo.com.mx\/index.php?rest_route=\/wp\/v2\/posts"}],"about":[{"href":"https:\/\/encuentroinformativo.com.mx\/index.php?rest_route=\/wp\/v2\/types\/post"}],"author":[{"embeddable":true,"href":"https:\/\/encuentroinformativo.com.mx\/index.php?rest_route=\/wp\/v2\/users\/1"}],"replies":[{"embeddable":true,"href":"https:\/\/encuentroinformativo.com.mx\/index.php?rest_route=%2Fwp%2Fv2%2Fcomments&post=29980"}],"version-history":[{"count":1,"href":"https:\/\/encuentroinformativo.com.mx\/index.php?rest_route=\/wp\/v2\/posts\/29980\/revisions"}],"predecessor-version":[{"id":29982,"href":"https:\/\/encuentroinformativo.com.mx\/index.php?rest_route=\/wp\/v2\/posts\/29980\/revisions\/29982"}],"wp:featuredmedia":[{"embeddable":true,"href":"https:\/\/encuentroinformativo.com.mx\/index.php?rest_route=\/wp\/v2\/media\/29981"}],"wp:attachment":[{"href":"https:\/\/encuentroinformativo.com.mx\/index.php?rest_route=%2Fwp%2Fv2%2Fmedia&parent=29980"}],"wp:term":[{"taxonomy":"category","embeddable":true,"href":"https:\/\/encuentroinformativo.com.mx\/index.php?rest_route=%2Fwp%2Fv2%2Fcategories&post=29980"},{"taxonomy":"post_tag","embeddable":true,"href":"https:\/\/encuentroinformativo.com.mx\/index.php?rest_route=%2Fwp%2Fv2%2Ftags&post=29980"}],"curies":[{"name":"wp","href":"https:\/\/api.w.org\/{rel}","templated":true}]}}